{"id":121506,"date":"2023-05-01T09:47:06","date_gmt":"2023-05-01T12:47:06","guid":{"rendered":"https:\/\/vinasfm.com\/noticias\/?p=121506"},"modified":"2023-05-02T09:32:12","modified_gmt":"2023-05-02T12:32:12","slug":"uno-por-uno-estos-son-los-aumentos-que-se-vienen-en-mayo-2023","status":"publish","type":"post","link":"https:\/\/vinasfm.com\/noticias\/uno-por-uno-estos-son-los-aumentos-que-se-vienen-en-mayo-2023\/","title":{"rendered":"UNO POR UNO: ESTOS SON LOS AUMENTOS QUE SE VIENEN EN MAYO 2023"},"content":{"rendered":"<p><strong>En mayo son varios los servicios que aumentan. El detalle de cada uno de ellos.<\/strong><\/p>\n<p><strong>Tarifas, prepagas, alquileres, combustibles y hasta Netflix<\/strong>\u00a0son los sectores cuyos precios que sufrir\u00e1n\u00a0<strong>aumentos\u00a0a partir de mayo<\/strong>.<\/p>\n<p>Como sucede cada mes, hay\u00a0<strong>aumentos en los precios regulado<\/strong>s y mayo trae consigo una\u00a0<strong>serie de ajustes que impactar\u00e1n en la inflaci\u00f3n.<\/strong><\/p>\n<p>As\u00ed, a los usuarios del\u00a0<strong>servicio de gas\u00a0<\/strong>por redes se les aplicar\u00e1 un\u00a0<strong>aumento del 50%\u00a0<\/strong>en sus facturas, teniendo en cuenta la eliminaci\u00f3n de subsidios para los hogares de mayores ingresos.<\/p>\n<p>La suba se vincula con el acuerdo que el Gobierno firm\u00f3 con distribuidoras y transportistas, que autoriza un aumento de hasta 110% en los ingresos de las empresas, que estaban congelados desde principios de 2022.<\/p>\n<p>Por su parte,<strong>\u00a0las cuotas de medicina prepaga se incrementan de manera autom\u00e1tica desde febrero: para mayo, la suba prevista es del 4,76%<\/strong>.<\/p>\n<p><strong>Los alquileres tambi\u00e9n sufrir\u00e1n un fuerte ajuste a partir del mes que viene: ser\u00e1 del 95,94%<\/strong>, correspondiente a la actualizaci\u00f3n de las locaciones en funci\u00f3n de la ley vigente. En consecuencia, los inquilinos terminar\u00e1n pagando por doce meses casi el doble de lo que ven\u00edan abonando.<\/p>\n<p><strong>En el caso de los combustibles, el Gobierno acord\u00f3 con las petroleras un sendero de incrementos mensuales que se viene aplicando desde abril.<\/strong>\u00a0El porcentaje de actualizaci\u00f3n es el 4% (n\u00famero que se aplicar\u00e1 en mayo) rige hasta el 15 de agosto y se estableci\u00f3 en el marco del programa \u00abPrecios Justos\u00bb.<\/p>\n<p>Finalmente, en el caso de\u00a0<em>Netflix\u00a0<\/em>tambi\u00e9n se confirm\u00f3 una suba en cada uno de sus planes.<\/p>\n","protected":false},"excerpt":{"rendered":"<p>En mayo son varios los servicios que aumentan. El detalle de cada uno de ellos. Tarifas, prepagas, alquileres, combustibles y hasta &#8230;<\/p>\n","protected":false},"author":7,"featured_media":116428,"comment_status":"open","ping_status":"open","sticky":false,"template":"","format":"standard","meta":{"footnotes":""},"categories":[5,169],"tags":[],"class_list":["post-121506","post","type-post","status-publish","format-standard","has-post-thumbnail","hentry","category-actualidad","category-aumentos"],"_links":{"self":[{"href":"https:\/\/vinasfm.com\/noticias\/wp-json\/wp\/v2\/posts\/121506","targetHints":{"allow":["GET"]}}],"collection":[{"href":"https:\/\/vinasfm.com\/noticias\/wp-json\/wp\/v2\/posts"}],"about":[{"href":"https:\/\/vinasfm.com\/noticias\/wp-json\/wp\/v2\/types\/post"}],"author":[{"embeddable":true,"href":"https:\/\/vinasfm.com\/noticias\/wp-json\/wp\/v2\/users\/7"}],"replies":[{"embeddable":true,"href":"https:\/\/vinasfm.com\/noticias\/wp-json\/wp\/v2\/comments?post=121506"}],"version-history":[{"count":1,"href":"https:\/\/vinasfm.com\/noticias\/wp-json\/wp\/v2\/posts\/121506\/revisions"}],"predecessor-version":[{"id":121508,"href":"https:\/\/vinasfm.com\/noticias\/wp-json\/wp\/v2\/posts\/121506\/revisions\/121508"}],"wp:featuredmedia":[{"embeddable":true,"href":"https:\/\/vinasfm.com\/noticias\/wp-json\/wp\/v2\/media\/116428"}],"wp:attachment":[{"href":"https:\/\/vinasfm.com\/noticias\/wp-json\/wp\/v2\/media?parent=121506"}],"wp:term":[{"taxonomy":"category","embeddable":true,"href":"https:\/\/vinasfm.com\/noticias\/wp-json\/wp\/v2\/categories?post=121506"},{"taxonomy":"post_tag","embeddable":true,"href":"https:\/\/vinasfm.com\/noticias\/wp-json\/wp\/v2\/tags?post=121506"}],"curies":[{"name":"wp","href":"https:\/\/api.w.org\/{rel}","templated":true}]}}