{"id":121498,"date":"2023-05-01T11:22:22","date_gmt":"2023-05-01T14:22:22","guid":{"rendered":"https:\/\/vinasfm.com\/noticias\/?p=121498"},"modified":"2023-05-02T09:43:56","modified_gmt":"2023-05-02T12:43:56","slug":"oscar-bonardel-va-por-la-intendencia","status":"publish","type":"post","link":"https:\/\/vinasfm.com\/noticias\/oscar-bonardel-va-por-la-intendencia\/","title":{"rendered":"OSCAR BONARDEL VA POR LA INTENDENCIA"},"content":{"rendered":"<p><strong>Oscar Bonardel es precandidato a intendente por el Frente Eleg\u00ed.\u00a0<\/strong><\/p>\n<p>Bonardel comenz\u00f3 su tarea pol\u00edtica en el a\u00f1o 91, fue convocado por Juan Carlos De Paolo en su primer gobierno y fue secretario de hacienda con 26 a\u00f1os.<em><strong> \u00abFui concejal, hac\u00eda poco me hab\u00eda recibido y en diciembre empec\u00e9 a ejercer el labor de secretario de hacienda, en el 93 fui concejal y en el 97\u00a0 interventor en Radio Malarg\u00fce\u00bb<\/strong><\/em> record\u00f3 Bonardel y agreg\u00f3 <strong><em>\u00abla pol\u00edtica viene de ra\u00edces porque mi padre militaba en la facultad y hoy en d\u00eda es una de las cosas que me ha llevado a donde estoy. Si bien en el \u00faltimo tiempo no he estado ocupando cargos, siempre estuve manteniendo la linea en el partido justicialista\u00bb.<\/em><\/strong><\/p>\n<p>La lista est\u00e1 encabezada por Guillermo Carmona como precandidato a gobernador. OSCA BONARDEL VA POR LA INTENDENCIA , Hebe Katzer y Miguel L\u00f3pez son algunos de los nombres dentro de la lista de precandidatos a concejales.<\/p>\n<p>Bonardel estaba dentro de los equipos de Manolo Sandoval, <em><strong>\u00abest\u00e1bamos todos muy entusiasmados porque el tambi\u00e9n fue concejal conmigo y ven\u00edamos organizando que cosas pod\u00edamos cambiar ante el desgaste que tuvo Manuel. Mi candidatura surgi\u00f3 al hablar con las personas que en su momento estaban con Manolo, se ha conformado un equipo muy bueno con los tradicionales y compa\u00f1eros nuevos\u00bb.<\/strong><\/em><\/p>\n<p>Hebe Katzer, quien en un momento hab\u00eda anunciado su precandidatura a la intendencia de General Alvear indic\u00f3 que la negociaci\u00f3n fue dura, <strong><em>\u00abestuvimos el s\u00e1bado en el cierre de lista donde tuve que encabezar la lista como Intendenta sin despu\u00e9s serlo y fue un cambio que fue de un d\u00eda para el otro\u00bb.<\/em><\/strong> Katzer ingres\u00f3 a la pol\u00edtica junto a Cristian Gonz\u00e1les <em><strong>\u00abcon la pandemia\u00a0 Cristian se alejo de la provincia y puse en marcha mi equipo de trabajo y ah\u00ed comenc\u00e9 a trabajar con Omar Felix, empiezo a formar mi estructura de trabajo, luego entre a la red general de concejala y me dio mucho apoyo porque consegu\u00ed muchas herramientas a nivel nacional\u00bb.<\/strong><\/em><\/p>\n<p>Sobre la actualidad socioecon\u00f3mica Oscar considera que el departamento <em><strong>\u00abesta sufriendo una falta de trabajo\u00bb<\/strong><\/em>, es por eso una de las cosas que en su gesti\u00f3n apuntar\u00e1n al empleo genuino.<\/p>\n","protected":false},"excerpt":{"rendered":"<p>Oscar Bonardel es precandidato a intendente por el Frente Eleg\u00ed.\u00a0 Bonardel comenz\u00f3 su tarea pol\u00edtica en el a\u00f1o 91, fue convocado &#8230;<\/p>\n","protected":false},"author":7,"featured_media":3690,"comment_status":"open","ping_status":"open","sticky":false,"template":"","format":"standard","meta":{"footnotes":""},"categories":[5,7],"tags":[],"class_list":["post-121498","post","type-post","status-publish","format-standard","has-post-thumbnail","hentry","category-actualidad","category-politica"],"_links":{"self":[{"href":"https:\/\/vinasfm.com\/noticias\/wp-json\/wp\/v2\/posts\/121498","targetHints":{"allow":["GET"]}}],"collection":[{"href":"https:\/\/vinasfm.com\/noticias\/wp-json\/wp\/v2\/posts"}],"about":[{"href":"https:\/\/vinasfm.com\/noticias\/wp-json\/wp\/v2\/types\/post"}],"author":[{"embeddable":true,"href":"https:\/\/vinasfm.com\/noticias\/wp-json\/wp\/v2\/users\/7"}],"replies":[{"embeddable":true,"href":"https:\/\/vinasfm.com\/noticias\/wp-json\/wp\/v2\/comments?post=121498"}],"version-history":[{"count":2,"href":"https:\/\/vinasfm.com\/noticias\/wp-json\/wp\/v2\/posts\/121498\/revisions"}],"predecessor-version":[{"id":121510,"href":"https:\/\/vinasfm.com\/noticias\/wp-json\/wp\/v2\/posts\/121498\/revisions\/121510"}],"wp:featuredmedia":[{"embeddable":true,"href":"https:\/\/vinasfm.com\/noticias\/wp-json\/wp\/v2\/media\/3690"}],"wp:attachment":[{"href":"https:\/\/vinasfm.com\/noticias\/wp-json\/wp\/v2\/media?parent=121498"}],"wp:term":[{"taxonomy":"category","embeddable":true,"href":"https:\/\/vinasfm.com\/noticias\/wp-json\/wp\/v2\/categories?post=121498"},{"taxonomy":"post_tag","embeddable":true,"href":"https:\/\/vinasfm.com\/noticias\/wp-json\/wp\/v2\/tags?post=121498"}],"curies":[{"name":"wp","href":"https:\/\/api.w.org\/{rel}","templated":true}]}}