{"id":121497,"date":"2023-05-01T09:37:17","date_gmt":"2023-05-01T12:37:17","guid":{"rendered":"https:\/\/vinasfm.com\/noticias\/?p=121497"},"modified":"2023-05-01T09:37:17","modified_gmt":"2023-05-01T12:37:17","slug":"nestor-ortega-renuncio-a-su-puesto-como-asesor-a-cargo-de-la-direccion-de-turismo","status":"publish","type":"post","link":"https:\/\/vinasfm.com\/noticias\/nestor-ortega-renuncio-a-su-puesto-como-asesor-a-cargo-de-la-direccion-de-turismo\/","title":{"rendered":"NESTOR ORTEGA RENUNCI\u00d3 A SU PUESTO COMO ASESOR A CARGO DE LA DIRECCI\u00d3N DE TURISMO"},"content":{"rendered":"<p><strong> N\u00e9stor Ortega es precandidato a concejal en primer termino, dentro de la lista de Javier L\u00f3pez en La Uni\u00f3n Mendocina, y hasta la semana pasada estaba al frente de la Direcci\u00f3n de Turismo.\u00a0<\/strong><\/p>\n<p><strong><em>\u00abTuve una conversaci\u00f3n con el intendente Walther Marcolini en donde p\u00fablicamente agradezco el haberme dejado participar en pol\u00edtica siendo de otro palo, respetarnos siempre y d\u00e1ndonos la posibilidad de crear e innovar con nuestro trabajo para que la gente este conforme y que los turistas queden conformes para tener una ciudad ordenada\u00bb<\/em><\/strong> expres\u00f3 N\u00e9stor Ortega y agreg\u00f3 <strong><em>\u00abhoy por \u00e9tica y moral nos toca renunciar al cargo de Asesor T\u00e9cnico, nos toca ser precandidato de la Uni\u00f3n Alvearense junto a Javier L\u00f3pez como intendente y Omar De Marchi\u00bb.<\/em><\/strong><\/p>\n<p>El proyecto de gobernaci\u00f3n est\u00e1 en marcha desde hace 10 a\u00f1os,<em><strong> \u00aben mi caso estoy en mi primer lugar como primer concejal, sabemos que es fundamental para la gente, hay pol\u00edticos buenos y malos. Venimos con muchas ganas con innovar y crear una alternativa\u00bb.<\/strong> <\/em><\/p>\n<p>Con su renuncia, Ortega deja atr\u00e1s casi ocho a\u00f1os de gesti\u00f3n.\u00a0<strong><em>\u00abVenimos con capacidad y con muchas ganas. Javier L\u00f3pez es un empresario con una gran pasi\u00f3n y desde hace muchos a\u00f1os levanta la bandera de la defensa de la 7722\u00bb<\/em><\/strong>, manifest\u00f3.<\/p>\n<p>Ortega realiz\u00f3 un balance sobre su participaci\u00f3n dentro de la gesti\u00f3n de Marcolini: <strong><em>\u00abCuando nosotros entramos a la gesti\u00f3n la gente nos dec\u00eda que se iban a San Rafael porque no hab\u00eda nada pero esto se ha ido modificando con la creaci\u00f3n de algunos sitios y eso hizo que los habitantes de General Alvear se convencieron de la capacidad tur\u00edstica que tiene el departamento\u00bb.\u00a0<\/em><\/strong><\/p>\n<p>Por \u00faltimo, N\u00e9stor Ortega sostuvo que<strong><em> \u00abla gente est\u00e1 abierta al cambio y eso se demuestra con las diferentes propuestas pol\u00edticas y alianzas que surgen con las mismas\u00bb.<\/em><\/strong><\/p>\n","protected":false},"excerpt":{"rendered":"<p>N\u00e9stor Ortega es precandidato a concejal en primer termino, dentro de la lista de Javier L\u00f3pez en La Uni\u00f3n Mendocina, y &#8230;<\/p>\n","protected":false},"author":7,"featured_media":121500,"comment_status":"open","ping_status":"open","sticky":false,"template":"","format":"standard","meta":{"footnotes":""},"categories":[1],"tags":[],"class_list":["post-121497","post","type-post","status-publish","format-standard","has-post-thumbnail","hentry","category-fmvinas"],"_links":{"self":[{"href":"https:\/\/vinasfm.com\/noticias\/wp-json\/wp\/v2\/posts\/121497","targetHints":{"allow":["GET"]}}],"collection":[{"href":"https:\/\/vinasfm.com\/noticias\/wp-json\/wp\/v2\/posts"}],"about":[{"href":"https:\/\/vinasfm.com\/noticias\/wp-json\/wp\/v2\/types\/post"}],"author":[{"embeddable":true,"href":"https:\/\/vinasfm.com\/noticias\/wp-json\/wp\/v2\/users\/7"}],"replies":[{"embeddable":true,"href":"https:\/\/vinasfm.com\/noticias\/wp-json\/wp\/v2\/comments?post=121497"}],"version-history":[{"count":1,"href":"https:\/\/vinasfm.com\/noticias\/wp-json\/wp\/v2\/posts\/121497\/revisions"}],"predecessor-version":[{"id":121501,"href":"https:\/\/vinasfm.com\/noticias\/wp-json\/wp\/v2\/posts\/121497\/revisions\/121501"}],"wp:featuredmedia":[{"embeddable":true,"href":"https:\/\/vinasfm.com\/noticias\/wp-json\/wp\/v2\/media\/121500"}],"wp:attachment":[{"href":"https:\/\/vinasfm.com\/noticias\/wp-json\/wp\/v2\/media?parent=121497"}],"wp:term":[{"taxonomy":"category","embeddable":true,"href":"https:\/\/vinasfm.com\/noticias\/wp-json\/wp\/v2\/categories?post=121497"},{"taxonomy":"post_tag","embeddable":true,"href":"https:\/\/vinasfm.com\/noticias\/wp-json\/wp\/v2\/tags?post=121497"}],"curies":[{"name":"wp","href":"https:\/\/api.w.org\/{rel}","templated":true}]}}