{"id":121486,"date":"2023-04-29T12:24:11","date_gmt":"2023-04-29T15:24:11","guid":{"rendered":"https:\/\/vinasfm.com\/noticias\/?p=121486"},"modified":"2023-05-02T08:58:27","modified_gmt":"2023-05-02T11:58:27","slug":"el-gerente-de-coprosamen-se-refirio-a-la-campana-de-vacunacion-antiaftosa-y-recordo-finalizara-el-proximo-13-de-mayo","status":"publish","type":"post","link":"https:\/\/vinasfm.com\/noticias\/el-gerente-de-coprosamen-se-refirio-a-la-campana-de-vacunacion-antiaftosa-y-recordo-finalizara-el-proximo-13-de-mayo\/","title":{"rendered":"EL GERENTE DE COPROSAMEN SE REFIRI\u00d3 A LA CAMPA\u00d1A DE VACUNACI\u00d3N ANTIAFTOSA Y RECORD\u00d3 QUE FINALIZAR\u00c1 EL PR\u00d3XIMO 13 DE MAYO"},"content":{"rendered":"<p><strong>A pocos d\u00edas de finalizar la campa\u00f1a de vacunaci\u00f3n antiaftosa, Carlos Iriarte asegur\u00f3 que ya se encuentra inmunizado el ganado bovino en las zonas de mayor producci\u00f3n<\/strong><\/p>\n<p>La campa\u00f1a inici\u00f3 en febrero y culminar\u00e1 el 13 de mayo, cumpliendo as\u00ed los 90 d\u00edas de campa\u00f1a. <strong><em>\u00abDe ser necesario trataremos de pedir una extensi\u00f3n, pero no es conveniente que la campa\u00f1a se estire tanto\u00bb<\/em><\/strong>, asegur\u00f3 Iriarte. Recordemos que este a\u00f1o se decidi\u00f3 adelantar la campa\u00f1a en funci\u00f3n a la sequ\u00eda que afect\u00f3 a los productores ganaderos, sin embargo durante los 90 d\u00edas ocurrieron lluvias que ralentizaron la vacunaci\u00f3n.<\/p>\n<p>En los primos 45 d\u00edas se aplicaron cerca de 250,000 vacunas y hasta el momento se han aplicado cerca de 380,000.<strong><em> \u00abPara igualar la campa\u00f1a del anterior nos faltan colocar 70,000 m\u00e1s\u00bb<\/em><\/strong> aclar\u00f3 Iriarte y agreg\u00f3<strong><em> \u00abhay algunas zonas bastantes atrasadas, pero el centro de la provincia ya se encuentra inmunizado\u00bb.\u00a0<\/em><\/strong><\/p>\n<p>Por \u00faltimo el gerente de COPROSOMEN record\u00f3 que la campa\u00f1a de vacunaci\u00f3n antiaftosa vence el 23 de mayo y no es recomendable vacunar fuera del periodo pactado.<\/p>\n","protected":false},"excerpt":{"rendered":"<p>A pocos d\u00edas de finalizar la campa\u00f1a de vacunaci\u00f3n antiaftosa, Carlos Iriarte asegur\u00f3 que ya se encuentra inmunizado el ganado bovino &#8230;<\/p>\n","protected":false},"author":7,"featured_media":17525,"comment_status":"open","ping_status":"open","sticky":false,"template":"","format":"standard","meta":{"footnotes":""},"categories":[5,24],"tags":[],"class_list":["post-121486","post","type-post","status-publish","format-standard","has-post-thumbnail","hentry","category-actualidad","category-ganaderia"],"_links":{"self":[{"href":"https:\/\/vinasfm.com\/noticias\/wp-json\/wp\/v2\/posts\/121486","targetHints":{"allow":["GET"]}}],"collection":[{"href":"https:\/\/vinasfm.com\/noticias\/wp-json\/wp\/v2\/posts"}],"about":[{"href":"https:\/\/vinasfm.com\/noticias\/wp-json\/wp\/v2\/types\/post"}],"author":[{"embeddable":true,"href":"https:\/\/vinasfm.com\/noticias\/wp-json\/wp\/v2\/users\/7"}],"replies":[{"embeddable":true,"href":"https:\/\/vinasfm.com\/noticias\/wp-json\/wp\/v2\/comments?post=121486"}],"version-history":[{"count":4,"href":"https:\/\/vinasfm.com\/noticias\/wp-json\/wp\/v2\/posts\/121486\/revisions"}],"predecessor-version":[{"id":121505,"href":"https:\/\/vinasfm.com\/noticias\/wp-json\/wp\/v2\/posts\/121486\/revisions\/121505"}],"wp:featuredmedia":[{"embeddable":true,"href":"https:\/\/vinasfm.com\/noticias\/wp-json\/wp\/v2\/media\/17525"}],"wp:attachment":[{"href":"https:\/\/vinasfm.com\/noticias\/wp-json\/wp\/v2\/media?parent=121486"}],"wp:term":[{"taxonomy":"category","embeddable":true,"href":"https:\/\/vinasfm.com\/noticias\/wp-json\/wp\/v2\/categories?post=121486"},{"taxonomy":"post_tag","embeddable":true,"href":"https:\/\/vinasfm.com\/noticias\/wp-json\/wp\/v2\/tags?post=121486"}],"curies":[{"name":"wp","href":"https:\/\/api.w.org\/{rel}","templated":true}]}}