{"id":121406,"date":"2023-04-28T08:00:56","date_gmt":"2023-04-28T11:00:56","guid":{"rendered":"https:\/\/vinasfm.com\/noticias\/?p=121406"},"modified":"2023-04-28T11:04:17","modified_gmt":"2023-04-28T14:04:17","slug":"pronostico-del-tiempo-se-mantiene-calido-el-tiempo-en-el-departamento","status":"publish","type":"post","link":"https:\/\/vinasfm.com\/noticias\/pronostico-del-tiempo-se-mantiene-calido-el-tiempo-en-el-departamento\/","title":{"rendered":"PRON\u00d3STICO DEL TIEMPO: SE MANTIENE CALIDO EL TIEMPO EN EL DEPARTAMENTO"},"content":{"rendered":"<h4><strong>Para la ma\u00f1ana de hoy viernes 28 de abril se espera una m\u00e1xima de 28\u00ba y la m\u00ednima de de 10\u00ba, durante la ma\u00f1ana algo nublado, se espera viento durante la tarde y noche<\/strong><\/h4>\n<p>Viernes<\/p>\n<p>Viento norte-noroeste de intensidad moderada a fuerte en la madrugada-ma\u00f1ana (desde las 5 hs. hasta las 19 hs.) Viento Zonda desde la mitad de la ma\u00f1ana en San Rafael y Malarg\u00fce hasta las primeras horas de la madrugada del s\u00e1bado. Nevadas en zona cordillerana de San Rafael y Malarg\u00fce. Cielo con algo de nubosidad en General Alvear. <strong>M\u00e1xima 30\u202f\u00b0C M\u00ednima 11\u202f\u00b0C<\/strong><\/p>\n<p>S\u00e1bado<\/p>\n<p>Viento oeste de intensidad moderada a fuerte sobre el oeste de San Rafael y Malarg\u00fce durante la madrugada-ma\u00f1ana y hasta la mitad de la tarde; viento noreste de intensidad moderada en la ma\u00f1ana y algo m\u00e1s fuerte en la tarde sobre General Alvear. Cielo con algo de nubosidad, nevadas en zona cordillerana de San Rafael y Malarg\u00fce. <strong>M\u00e1xima 29\u202f\u00b0C M\u00ednima 13\u202f\u00b0C<\/strong><\/p>\n<p>Domingo<\/p>\n<p>Desde la medianoche ingreso de viento sur-sureste de intensidad moderada a fuerte (de 0 hs. a 14 hs.) a partir de las 21 hs. viento este-noreste. Desde la medianoche formaci\u00f3n de tormentas en el este de General Alvear (Canalejas) y desde la madrugada tormentas al oeste de Ciudad con posible afectaci\u00f3n a sectores del sur de General Alvear con lluvias aisladas. Cielo con nubosidad hasta el final de la tarde (18 hs.) Descenso marcado de temperatura<\/p>\n<p><strong>M\u00e1xima 19\u202f\u00b0C M\u00ednima 9\u202f\u00b0C<\/strong><\/p>\n<p>Lunes<\/p>\n<p>Viento noroeste de intensidad moderada durante la ma\u00f1ana y luego del este-noreste, cielo con poca nubosidad. <strong>M\u00e1xima 21\u202f\u00b0C M\u00ednima 4\u202f\u00b0C<\/strong><\/p>\n<p>Martes<\/p>\n<p>Viento sureste de intensidad d\u00e9bil en la madrugada y hasta el mediod\u00eda, luego viento d\u00e9bil noreste. Poca nubosidad. <strong>M\u00e1xima 20\u202f\u00b0C M\u00ednima 3\u202f\u00b0C<\/strong><\/p>\n","protected":false},"excerpt":{"rendered":"<p>Para la ma\u00f1ana de hoy viernes 28 de abril se espera una m\u00e1xima de 28\u00ba y la m\u00ednima de de 10\u00ba, &#8230;<\/p>\n","protected":false},"author":7,"featured_media":69668,"comment_status":"open","ping_status":"open","sticky":false,"template":"","format":"standard","meta":{"footnotes":""},"categories":[5,36],"tags":[],"class_list":["post-121406","post","type-post","status-publish","format-standard","has-post-thumbnail","hentry","category-actualidad","category-pronostico"],"_links":{"self":[{"href":"https:\/\/vinasfm.com\/noticias\/wp-json\/wp\/v2\/posts\/121406","targetHints":{"allow":["GET"]}}],"collection":[{"href":"https:\/\/vinasfm.com\/noticias\/wp-json\/wp\/v2\/posts"}],"about":[{"href":"https:\/\/vinasfm.com\/noticias\/wp-json\/wp\/v2\/types\/post"}],"author":[{"embeddable":true,"href":"https:\/\/vinasfm.com\/noticias\/wp-json\/wp\/v2\/users\/7"}],"replies":[{"embeddable":true,"href":"https:\/\/vinasfm.com\/noticias\/wp-json\/wp\/v2\/comments?post=121406"}],"version-history":[{"count":1,"href":"https:\/\/vinasfm.com\/noticias\/wp-json\/wp\/v2\/posts\/121406\/revisions"}],"predecessor-version":[{"id":121412,"href":"https:\/\/vinasfm.com\/noticias\/wp-json\/wp\/v2\/posts\/121406\/revisions\/121412"}],"wp:featuredmedia":[{"embeddable":true,"href":"https:\/\/vinasfm.com\/noticias\/wp-json\/wp\/v2\/media\/69668"}],"wp:attachment":[{"href":"https:\/\/vinasfm.com\/noticias\/wp-json\/wp\/v2\/media?parent=121406"}],"wp:term":[{"taxonomy":"category","embeddable":true,"href":"https:\/\/vinasfm.com\/noticias\/wp-json\/wp\/v2\/categories?post=121406"},{"taxonomy":"post_tag","embeddable":true,"href":"https:\/\/vinasfm.com\/noticias\/wp-json\/wp\/v2\/tags?post=121406"}],"curies":[{"name":"wp","href":"https:\/\/api.w.org\/{rel}","templated":true}]}}