{"id":121383,"date":"2023-04-27T11:12:54","date_gmt":"2023-04-27T14:12:54","guid":{"rendered":"https:\/\/vinasfm.com\/noticias\/?p=121383"},"modified":"2023-04-28T10:50:32","modified_gmt":"2023-04-28T13:50:32","slug":"carlos-ponce-reafirmo-su-precandidatura-como-intendente","status":"publish","type":"post","link":"https:\/\/vinasfm.com\/noticias\/carlos-ponce-reafirmo-su-precandidatura-como-intendente\/","title":{"rendered":"CARLOS PONCE REAFIRM\u00d3 SU PRECANDIDATURA COMO INTENDENTE"},"content":{"rendered":"<p><strong>Hace una semana Ponce anunciaba que dar\u00eda un paso atr\u00e1s con su precandidatura a Intendente, sin embargo el s\u00e1bado estaba de regreso con su lista.<\/strong><\/p>\n<p><strong><em>\u00abSoy una persona que no ha participado en pol\u00edtica, esta es mi primera vez, tengo un grupo amplio y heterog\u00e9neo, que tiene personas que est\u00e1n en la pol\u00edtica. Somos gente que tiene un claro objetivo; tratar de demostrar c\u00f3mo nosotros podemos mejorar un poco en distintas circunstancias y distintas situaciones a General Alvear\u00bb<\/em><\/strong>, manifest\u00f3 el precandidato.<\/p>\n<p><strong><em>\u00abNos cost\u00f3 mucho la conversaci\u00f3n que tuvimos el d\u00eda jueves, recuerdo decir que estaba todo muy complicado porque nosotros est\u00e1bamos dentro de lo que era el armado provincial que estaba buscando el consenso y unidad\u00bb<\/em><\/strong> record\u00f3 Ponce de regreso a la carrera por la intendencia y agreg\u00f3 <strong><em>\u00abhoy el Frente Cambia Mendoza va con interna en la lista A. Nosotros vamos en la lista B, no vamos con interna, hemos logrado poder cerrar con Luis Petri como candidato a gobernador dentro del Frente Cambio a Mendoza, lo cual nos da la tranquilidad de seguir reforzando nuestro proyecto que tiene que ver con esto\u00bb.\u00a0<\/em><\/strong><\/p>\n<p>Este a\u00f1o electoral se ve marcado por las nuevas caras que han iniciado un camino activo en la pol\u00edtica. <em><strong>\u00abGente nueva que se suma a la pol\u00edtica, en mi caso es venir con esta fuerza que traemos las personas que no hemos estado en procesos electorales\u00bb.<\/strong><\/em><\/p>\n<p><strong><em>\u00abEl que abre el juego es Cambia Mendoza, el mismo partido o la misma alianza abre el juego al no conseguir la unidad. Cuando no se logran las unidades y los consensos se abre el juego para que la captaci\u00f3n del electorado sea plural y creo que todo el mundo deber\u00eda ponerlo en valor porque precisamente la la herramienta democr\u00e1tica m\u00e1s adecuada para esto son las PASO. Si hay consenso, si hay unidad, encolumnado detr\u00e1s de un proyecto, mucho mejor. Pero en este caso donde hab\u00eda 2 grupos mayoritarios que verdaderamente estaban en una discusi\u00f3n pol\u00edtica, creo que nosotros hicimos bien en llamarnos un poco al silencio para salir del medio de una contienda pol\u00edtica interna\u00bb<\/em> <\/strong>explic\u00f3 Carlos Ponce y subray\u00f3 <em><strong>\u00abnosotros quer\u00edamos tener la posibilidad de poner a disposici\u00f3n del electorado en General Alvear\u00bb.\u00a0<\/strong><\/em><\/p>\n<p><strong>\u00abEstoy satisfecho de seguir con el trabajo de territorio y as\u00ed, de esta manera, el 11 de junio poner a disposici\u00f3n de los alverenses una nueva opci\u00f3n. Tenemos que tener claro, hoy contamos con la posibilidad de elegir la importancia del voto\u00bb,<\/strong> concluy\u00f3 el precandidato a Intendente.<\/p>\n<h6>Vallejos, G.<\/h6>\n","protected":false},"excerpt":{"rendered":"<p>Hace una semana Ponce anunciaba que dar\u00eda un paso atr\u00e1s con su precandidatura a Intendente, sin embargo el s\u00e1bado estaba de &#8230;<\/p>\n","protected":false},"author":7,"featured_media":120176,"comment_status":"open","ping_status":"open","sticky":false,"template":"","format":"standard","meta":{"footnotes":""},"categories":[5,7],"tags":[],"class_list":["post-121383","post","type-post","status-publish","format-standard","has-post-thumbnail","hentry","category-actualidad","category-politica"],"_links":{"self":[{"href":"https:\/\/vinasfm.com\/noticias\/wp-json\/wp\/v2\/posts\/121383","targetHints":{"allow":["GET"]}}],"collection":[{"href":"https:\/\/vinasfm.com\/noticias\/wp-json\/wp\/v2\/posts"}],"about":[{"href":"https:\/\/vinasfm.com\/noticias\/wp-json\/wp\/v2\/types\/post"}],"author":[{"embeddable":true,"href":"https:\/\/vinasfm.com\/noticias\/wp-json\/wp\/v2\/users\/7"}],"replies":[{"embeddable":true,"href":"https:\/\/vinasfm.com\/noticias\/wp-json\/wp\/v2\/comments?post=121383"}],"version-history":[{"count":1,"href":"https:\/\/vinasfm.com\/noticias\/wp-json\/wp\/v2\/posts\/121383\/revisions"}],"predecessor-version":[{"id":121385,"href":"https:\/\/vinasfm.com\/noticias\/wp-json\/wp\/v2\/posts\/121383\/revisions\/121385"}],"wp:featuredmedia":[{"embeddable":true,"href":"https:\/\/vinasfm.com\/noticias\/wp-json\/wp\/v2\/media\/120176"}],"wp:attachment":[{"href":"https:\/\/vinasfm.com\/noticias\/wp-json\/wp\/v2\/media?parent=121383"}],"wp:term":[{"taxonomy":"category","embeddable":true,"href":"https:\/\/vinasfm.com\/noticias\/wp-json\/wp\/v2\/categories?post=121383"},{"taxonomy":"post_tag","embeddable":true,"href":"https:\/\/vinasfm.com\/noticias\/wp-json\/wp\/v2\/tags?post=121383"}],"curies":[{"name":"wp","href":"https:\/\/api.w.org\/{rel}","templated":true}]}}