{"id":121188,"date":"2023-04-23T19:04:34","date_gmt":"2023-04-23T22:04:34","guid":{"rendered":"https:\/\/vinasfm.com\/noticias\/?p=121188"},"modified":"2023-04-24T10:06:33","modified_gmt":"2023-04-24T13:06:33","slug":"eduardo-jurijiw-sufrio-el-robo-de-su-auto-y-relato-como-vivio-el-hecho","status":"publish","type":"post","link":"https:\/\/vinasfm.com\/noticias\/eduardo-jurijiw-sufrio-el-robo-de-su-auto-y-relato-como-vivio-el-hecho\/","title":{"rendered":"EDUARDO JURIJIW SUFRI\u00d3 EL ROBO DE SU AUTO Y RELAT\u00d3 C\u00d3MO VIVI\u00d3 EL HECHO"},"content":{"rendered":"<p><strong>Un menor de 14 a\u00f1os fue el autor del hecho.<\/strong><\/p>\n<p>El pasado jueves por la ma\u00f1ana tomamos conocimiento del robo de un auto en una vivienda ubicada en calle Roque S\u00e1enz Pe\u00f1a al 600 , la victima dio detalles de c\u00f3mo se produje el hecho y c\u00f3mo se lleg\u00f3 a encontrar el veh\u00edculo. <em><strong>\u00abSucedi\u00f3 en la puerta de mi casa por un descuido, no cerrar con llave al auto, por una cuesti\u00f3n de exceso de confianza\u00bb<\/strong><\/em>, expres\u00f3 Eduardo Jurijiw y agreg\u00f3 que despu\u00e9s de recuperar el veh\u00edculo se conoci\u00f3 que quien lo hab\u00eda sustra\u00eddo era un adolescente de 14 a\u00f1os. <strong><em>\u00abDespu\u00e9s se supo que fue un menor de 14 a\u00f1os que pas\u00f3, detect\u00f3 que estaba el auto con la llave puesta, se lo llev\u00f3 aparentemente pasa a buscar a dos chicos amigos de 15 y 17 a\u00f1os y ya no se sabe qu\u00e9 hicieron\u00bb.<\/em><\/strong><\/p>\n<p>El jueves por la tarde, pasadas las 15:00h se pudo dar con el paradero del veh\u00edculo. <strong><em>\u00abUn primo, David Iriarte, observa que en un callej\u00f3n que est\u00e1 entre calles de F y G (en zona de calle 7) ven\u00eda un auto que era parecido al m\u00edo, me llama y me preguntan cu\u00e1l era la patente, sab\u00eda que lo hab\u00edan robado, le indico la placa y me dice &#8216;bueno los tengo'\u00bb.<\/em><\/strong> Posteriormente comienza una persecuci\u00f3n para intentar dar con el auto que circulaba a 180 km\/h, representando un gran peligro para los implicados y terceros. Finalmente el veh\u00edculo fue encontrado en inmediaciones del barrio Zangrandi.<\/p>\n<p>&nbsp;<\/p>\n<p>El autor del hecho, un menor alvearense de 14 a\u00f1os, contaba con un permiso transitorio debido que se encuentra en un centro de detenci\u00f3n de menores. El joven no hab\u00eda regresado en la fecha indicada y en medio de su visita al departamento cometi\u00f3 el robo.<\/p>\n<p>Seg\u00fan indic\u00f3 la victima <strong><em>\u00aben el auto se encontraban todos los objetos personales salvo los documentos, no robaron nada m\u00e1s. El auto tiene algunos rayones en el costado y da\u00f1os en el paragolpes\u00bb.<\/em><\/strong><\/p>\n<p>Por \u00faltimo, Eduardo destac\u00f3 el accionar policial y sostuvo que es alarmante que sucedan estos hechos. <strong><em>\u00abComprendo que estamos en un situaci\u00f3n muy complicada a nivel socioecon\u00f3mico pero ya si empezamos con esto estamos complicados. Si hubo alg\u00fan mensaje de esto es que no hay situaci\u00f3n de carencia social para nadie que lo amerita incurrir en la delincuencia. La salida debe ser trabajar y estudiar para que los chicos se reinserten o se inserten en la sociedad como corresponde, otro camino para nada puede ser justificable\u00bb.<\/em><\/strong><\/p>\n<p>El mismo jueves por la noche, el autor del hecho regres\u00f3 al centro de detenci\u00f3n de menores, sus acompa\u00f1antes est\u00e1n a la espera de ser imputados.<\/p>\n<p>&nbsp;<\/p>\n","protected":false},"excerpt":{"rendered":"<p>Un menor de 14 a\u00f1os fue el autor del hecho. El pasado jueves por la ma\u00f1ana tomamos conocimiento del robo de &#8230;<\/p>\n","protected":false},"author":7,"featured_media":121126,"comment_status":"open","ping_status":"open","sticky":false,"template":"","format":"standard","meta":{"footnotes":""},"categories":[5,10],"tags":[],"class_list":["post-121188","post","type-post","status-publish","format-standard","has-post-thumbnail","hentry","category-actualidad","category-destacadas"],"_links":{"self":[{"href":"https:\/\/vinasfm.com\/noticias\/wp-json\/wp\/v2\/posts\/121188","targetHints":{"allow":["GET"]}}],"collection":[{"href":"https:\/\/vinasfm.com\/noticias\/wp-json\/wp\/v2\/posts"}],"about":[{"href":"https:\/\/vinasfm.com\/noticias\/wp-json\/wp\/v2\/types\/post"}],"author":[{"embeddable":true,"href":"https:\/\/vinasfm.com\/noticias\/wp-json\/wp\/v2\/users\/7"}],"replies":[{"embeddable":true,"href":"https:\/\/vinasfm.com\/noticias\/wp-json\/wp\/v2\/comments?post=121188"}],"version-history":[{"count":2,"href":"https:\/\/vinasfm.com\/noticias\/wp-json\/wp\/v2\/posts\/121188\/revisions"}],"predecessor-version":[{"id":121196,"href":"https:\/\/vinasfm.com\/noticias\/wp-json\/wp\/v2\/posts\/121188\/revisions\/121196"}],"wp:featuredmedia":[{"embeddable":true,"href":"https:\/\/vinasfm.com\/noticias\/wp-json\/wp\/v2\/media\/121126"}],"wp:attachment":[{"href":"https:\/\/vinasfm.com\/noticias\/wp-json\/wp\/v2\/media?parent=121188"}],"wp:term":[{"taxonomy":"category","embeddable":true,"href":"https:\/\/vinasfm.com\/noticias\/wp-json\/wp\/v2\/categories?post=121188"},{"taxonomy":"post_tag","embeddable":true,"href":"https:\/\/vinasfm.com\/noticias\/wp-json\/wp\/v2\/tags?post=121188"}],"curies":[{"name":"wp","href":"https:\/\/api.w.org\/{rel}","templated":true}]}}