{"id":121186,"date":"2023-04-24T08:51:25","date_gmt":"2023-04-24T11:51:25","guid":{"rendered":"https:\/\/vinasfm.com\/noticias\/?p=121186"},"modified":"2023-04-25T08:51:05","modified_gmt":"2023-04-25T11:51:05","slug":"asi-se-espera-que-se-transite-la-nueva-edicion-de-la-fiesta-nacional-de-la-ganaderia","status":"publish","type":"post","link":"https:\/\/vinasfm.com\/noticias\/asi-se-espera-que-se-transite-la-nueva-edicion-de-la-fiesta-nacional-de-la-ganaderia\/","title":{"rendered":"LA C\u00c1MARA DE COMERCIO ESPERA UN CLIMA POSITIVO PARA LA 42\u00b0 EDICI\u00d3N DE LA FIESTA NACIONAL DE LA GANADER\u00cdA"},"content":{"rendered":"<p><strong>A menos de 10 d\u00edas de la inauguraci\u00f3n de la 42\u00b0 Fiesta Nacional de la Ganader\u00eda de Zonas \u00c1ridas, miembros de la C\u00e1mara de Comercio dieron detalles de c\u00f3mo se espera que impacte la nueva edici\u00f3n.<\/strong><\/p>\n<p><strong><em>\u00abNosotros dejamos nuestra huella y le dimos paso a otra gente, estamos constantemente haciendo notas en las radios pero a partir del lunes ya pueden consultar los precios de las entradas. En cuanto a los n\u00famero para el sorteo de la camioneta ha remontado mucho la venta\u00bb<\/em> <\/strong>manifest\u00f3 Javier Odetti, ex presidente de la C\u00e1mara de Comercio y remarc\u00f3 <em><strong>\u00absabemos que la situaci\u00f3n no acompa\u00f1a mucho pero estos \u00faltimos d\u00edas los directivos apuntaron a una gran venta\u00bb.<\/strong><\/em> El n\u00famero para el sorteo habilita la entrada al almuerzo, el adicional cuesta doce mil pesos.<\/p>\n<p><strong><em>\u00abSe avizora un futuro prometedor, esperemos se replique el clima que esta haciendo en el departamento, augurio de una buena fiesta\u00bb<\/em><\/strong>, expres\u00f3 expectante el Presidente de la Espec\u00edfica de Ganader\u00eda de la C\u00e1mara de Comercio, Ramiro Labay. <em><strong>\u00abEn el tema precio venimos perdiendo mucho con la inflaci\u00f3n se ha armado un combo un tanto negativo si le sumamos la sequia de la pampa h\u00fameda, vamos a tener dos firmas ferieras que est\u00e1n haciendo un gran trabajo para mostrar la calidad que hay en el departamento, esperamos cerca de tres mil cabezas\u00bb<\/strong><\/em>, mencion\u00f3 en referencia al remate de vacunos.<\/p>\n<p>Por su parte, Adri\u00e1n Rossi expres\u00f3<strong><em> \u00abEn lo que nos compete la Especifica de Turismo estamos trabajando a full. Esto pasa en cada a\u00f1o, el prestador ya esta preparado, ya hay reservas para la fecha y estamos teniendo muchos pedidos para esos d\u00edas; se va a habilitar el registro de particulares que lo maneja la Direcci\u00f3n de Turismo, es un problema que siempre tenemos porque aunque no creamos Alvear ha crecido mucho en turismo. Hay un trabajo muy importante detr\u00e1s\u00bb.<\/em><\/strong><\/p>\n","protected":false},"excerpt":{"rendered":"<p>A menos de 10 d\u00edas de la inauguraci\u00f3n de la 42\u00b0 Fiesta Nacional de la Ganader\u00eda de Zonas \u00c1ridas, miembros de &#8230;<\/p>\n","protected":false},"author":7,"featured_media":51744,"comment_status":"open","ping_status":"open","sticky":false,"template":"","format":"standard","meta":{"footnotes":""},"categories":[5,19],"tags":[],"class_list":["post-121186","post","type-post","status-publish","format-standard","has-post-thumbnail","hentry","category-actualidad","category-cultura"],"_links":{"self":[{"href":"https:\/\/vinasfm.com\/noticias\/wp-json\/wp\/v2\/posts\/121186","targetHints":{"allow":["GET"]}}],"collection":[{"href":"https:\/\/vinasfm.com\/noticias\/wp-json\/wp\/v2\/posts"}],"about":[{"href":"https:\/\/vinasfm.com\/noticias\/wp-json\/wp\/v2\/types\/post"}],"author":[{"embeddable":true,"href":"https:\/\/vinasfm.com\/noticias\/wp-json\/wp\/v2\/users\/7"}],"replies":[{"embeddable":true,"href":"https:\/\/vinasfm.com\/noticias\/wp-json\/wp\/v2\/comments?post=121186"}],"version-history":[{"count":5,"href":"https:\/\/vinasfm.com\/noticias\/wp-json\/wp\/v2\/posts\/121186\/revisions"}],"predecessor-version":[{"id":121206,"href":"https:\/\/vinasfm.com\/noticias\/wp-json\/wp\/v2\/posts\/121186\/revisions\/121206"}],"wp:featuredmedia":[{"embeddable":true,"href":"https:\/\/vinasfm.com\/noticias\/wp-json\/wp\/v2\/media\/51744"}],"wp:attachment":[{"href":"https:\/\/vinasfm.com\/noticias\/wp-json\/wp\/v2\/media?parent=121186"}],"wp:term":[{"taxonomy":"category","embeddable":true,"href":"https:\/\/vinasfm.com\/noticias\/wp-json\/wp\/v2\/categories?post=121186"},{"taxonomy":"post_tag","embeddable":true,"href":"https:\/\/vinasfm.com\/noticias\/wp-json\/wp\/v2\/tags?post=121186"}],"curies":[{"name":"wp","href":"https:\/\/api.w.org\/{rel}","templated":true}]}}