{"id":121178,"date":"2023-04-22T10:29:46","date_gmt":"2023-04-22T13:29:46","guid":{"rendered":"https:\/\/vinasfm.com\/noticias\/?p=121178"},"modified":"2023-04-24T09:50:22","modified_gmt":"2023-04-24T12:50:22","slug":"hoy-es-el-cierre-de-las-listas-para-las-elecciones-en-mendoza","status":"publish","type":"post","link":"https:\/\/vinasfm.com\/noticias\/hoy-es-el-cierre-de-las-listas-para-las-elecciones-en-mendoza\/","title":{"rendered":"EL PASADO S\u00c1BADO FINALIZ\u00d3 EL CIERRE DE LAS LISTAS PARA LAS ELECCIONES  EN MENDOZA"},"content":{"rendered":"<p class=\"news-headline__article-summary\"><strong>Los frentes y partidos tuvieron tiempo hasta las 23.59 para presentar sus precandidaturas para todas las PASO del 11 de junio.<\/strong><\/p>\n<article class=\"article-body article-body--first-paragraph\" data-td-script-src=\"https:\/\/www.sitioandino.com.ar\/td\/modulos\/encuestas\/js\/function-embeds-min-version-1661266718.js\">Este s\u00e1bado a las 23.59 venci\u00f3 el plazo para la presentaci\u00f3n de listas de precandidatos\/as para las <strong>elecciones 2023<\/strong>\u00a0Primarias Abiertas, Simult\u00e1neas y Obligatorias (PASO) provinciales del 11 de junio.<\/article>\n<article class=\"article-body article-body--second-paragraph\">Como es habitual, hasta el filo de ese horario continuar\u00e1n las conversaciones en los diferentes partidos y frentes pol\u00edticos para tejer acuerdos y llevar postulaciones competitivas para los comicios.De esta manera, se deber\u00e1n anotar qui\u00e9nes buscar\u00e1n competir por once intendencias (<strong>Las Heras, Luj\u00e1n de Cuyo, Capital, Godoy Cruz, Guaymall\u00e9n, San Mart\u00edn, Jun\u00edn, Rivadavia, Tupungato, General Alvear y Malarg\u00fce) y el 50% de cada uno de sus concejos deliberantes; la m<\/strong>itad de la composici\u00f3n de ambas c\u00e1maras legislativas y la f\u00f3rmula para la Gobernaci\u00f3n.<\/p>\n<article class=\"article-body article-body--second-paragraph\">Las alianzas electorales que participar\u00e1n de las PASO en Mendoza ser\u00e1n el Frente Eleg\u00ed, Cambia Mendoza, La Uni\u00f3n Mendocina y el Frente de Izquierda-Unidad. Adem\u00e1s, tambi\u00e9n habr\u00e1 presencia de otros espacios (como el Partido Verde) que ir\u00e1n a la elecci\u00f3n sin el formato de una coalici\u00f3n.<\/article>\n<article class=\"article-body article-body--third-paragraph\">El 11 de junio, en tanto,\u00a0<strong>se desarrollar\u00e1 la PASO que determinar\u00e1 qui\u00e9nes ser\u00e1n las y los candidatos<\/strong>\u00a0que podr\u00e1n disputar esos cargos en las generales del 24 de septiembre.<\/p>\n<h6>Fente: SITIO ANDINO<\/h6>\n<\/article>\n<\/article>\n","protected":false},"excerpt":{"rendered":"<p>Los frentes y partidos tuvieron tiempo hasta las 23.59 para presentar sus precandidaturas para todas las PASO del 11 de junio. &#8230;<\/p>\n","protected":false},"author":7,"featured_media":95881,"comment_status":"open","ping_status":"open","sticky":false,"template":"","format":"standard","meta":{"footnotes":""},"categories":[1],"tags":[],"class_list":["post-121178","post","type-post","status-publish","format-standard","has-post-thumbnail","hentry","category-fmvinas"],"_links":{"self":[{"href":"https:\/\/vinasfm.com\/noticias\/wp-json\/wp\/v2\/posts\/121178","targetHints":{"allow":["GET"]}}],"collection":[{"href":"https:\/\/vinasfm.com\/noticias\/wp-json\/wp\/v2\/posts"}],"about":[{"href":"https:\/\/vinasfm.com\/noticias\/wp-json\/wp\/v2\/types\/post"}],"author":[{"embeddable":true,"href":"https:\/\/vinasfm.com\/noticias\/wp-json\/wp\/v2\/users\/7"}],"replies":[{"embeddable":true,"href":"https:\/\/vinasfm.com\/noticias\/wp-json\/wp\/v2\/comments?post=121178"}],"version-history":[{"count":3,"href":"https:\/\/vinasfm.com\/noticias\/wp-json\/wp\/v2\/posts\/121178\/revisions"}],"predecessor-version":[{"id":121211,"href":"https:\/\/vinasfm.com\/noticias\/wp-json\/wp\/v2\/posts\/121178\/revisions\/121211"}],"wp:featuredmedia":[{"embeddable":true,"href":"https:\/\/vinasfm.com\/noticias\/wp-json\/wp\/v2\/media\/95881"}],"wp:attachment":[{"href":"https:\/\/vinasfm.com\/noticias\/wp-json\/wp\/v2\/media?parent=121178"}],"wp:term":[{"taxonomy":"category","embeddable":true,"href":"https:\/\/vinasfm.com\/noticias\/wp-json\/wp\/v2\/categories?post=121178"},{"taxonomy":"post_tag","embeddable":true,"href":"https:\/\/vinasfm.com\/noticias\/wp-json\/wp\/v2\/tags?post=121178"}],"curies":[{"name":"wp","href":"https:\/\/api.w.org\/{rel}","templated":true}]}}