{"id":121163,"date":"2023-04-21T11:26:19","date_gmt":"2023-04-21T14:26:19","guid":{"rendered":"https:\/\/vinasfm.com\/noticias\/?p=121163"},"modified":"2023-04-24T08:51:28","modified_gmt":"2023-04-24T11:51:28","slug":"marcos-aguas-se-consagro-ganador-de-la-categoria-sport-4-en-las-tradicionales","status":"publish","type":"post","link":"https:\/\/vinasfm.com\/noticias\/marcos-aguas-se-consagro-ganador-de-la-categoria-sport-4-en-las-tradicionales\/","title":{"rendered":"MARCOS AGUAS SE CONSAGR\u00d3 GANADOR DE LA CATEGOR\u00cdA SPORT 4, EN LAS TRADICIONALES"},"content":{"rendered":"<p><strong>Aguas realiz\u00f3 algunas fechas la pasada temporada con muy buenos resultados que lo depositaron en el podio, inclusive en lo m\u00e1s alto.<\/strong><\/p>\n<p>El corredor detall\u00f3 c\u00f3mo vivi\u00f3 la carrera y mencion\u00f3 que logr\u00f3 la punta en la largada, <em><strong>\u201cmet\u00ed ritmo, sab\u00eda que Rom\u00e1n me tra\u00eda muy corto hasta que veo que comete un error y logro hacer una buena diferencia, ven\u00edamos exigi\u00e9ndonos a full y se logr\u00f3 el resultado, dedicado a Quico Carrera, quien es el due\u00f1o del auto, a mi familia y al grupo de amigos que hizo un esfuerzo para que yo me pueda volver a subir a un auto de carrera\u201d.<\/strong><\/em><\/p>\n<p>Anteriormente compet\u00eda en un auto para el asfalto pero por la realidad econ\u00f3mica fue casi imposible continuar.<em><strong> \u00abVolvimos al Sport 4, es un auto que anduvo muy bien y lo pudimos aprovechar de la mejor manera para lograr la victoria\u00bb<\/strong><\/em>. Los pilotos locales siempre realizan un gran esfuerzo para llegar en condiciones a las cerreras, <em><strong>\u00absiempre hay un apoyo econ\u00f3mico y sobre todo humano con nuestras familias y amigos\u00bb<\/strong><\/em>, sostuvo.<\/p>\n<p>Si bien al inicio de la carrera el circuito se encontraba en buenas condiciones, con el pasar de los autos y su velocidad se fue deteriorando. <strong><em>\u00abTuvimos ventaja por ir adelante y no ten\u00edamos tanta tierra, as\u00ed que result\u00f3 un poco m\u00e1s f\u00e1cil el manejo\u00bb.\u00a0<\/em><\/strong><\/p>\n<p>Las pr\u00f3ximas fechas est\u00e1n programadas para correrse en San Carlos y Jun\u00edn, posteriormente volar\u00e1n a correr en General Alvear. <em><b>\u00abLa gente de Alvear es muy fierrera y el ambiente es muy familiar y se presta para presentar un lindo espect\u00e1culo\u00bb<\/b><\/em>, concluy\u00f3.<\/p>\n<p>&nbsp;<\/p>\n","protected":false},"excerpt":{"rendered":"<p>Aguas realiz\u00f3 algunas fechas la pasada temporada con muy buenos resultados que lo depositaron en el podio, inclusive en lo m\u00e1s &#8230;<\/p>\n","protected":false},"author":7,"featured_media":121165,"comment_status":"open","ping_status":"open","sticky":false,"template":"","format":"standard","meta":{"footnotes":""},"categories":[5,3],"tags":[],"class_list":["post-121163","post","type-post","status-publish","format-standard","has-post-thumbnail","hentry","category-actualidad","category-deportes"],"_links":{"self":[{"href":"https:\/\/vinasfm.com\/noticias\/wp-json\/wp\/v2\/posts\/121163","targetHints":{"allow":["GET"]}}],"collection":[{"href":"https:\/\/vinasfm.com\/noticias\/wp-json\/wp\/v2\/posts"}],"about":[{"href":"https:\/\/vinasfm.com\/noticias\/wp-json\/wp\/v2\/types\/post"}],"author":[{"embeddable":true,"href":"https:\/\/vinasfm.com\/noticias\/wp-json\/wp\/v2\/users\/7"}],"replies":[{"embeddable":true,"href":"https:\/\/vinasfm.com\/noticias\/wp-json\/wp\/v2\/comments?post=121163"}],"version-history":[{"count":2,"href":"https:\/\/vinasfm.com\/noticias\/wp-json\/wp\/v2\/posts\/121163\/revisions"}],"predecessor-version":[{"id":121166,"href":"https:\/\/vinasfm.com\/noticias\/wp-json\/wp\/v2\/posts\/121163\/revisions\/121166"}],"wp:featuredmedia":[{"embeddable":true,"href":"https:\/\/vinasfm.com\/noticias\/wp-json\/wp\/v2\/media\/121165"}],"wp:attachment":[{"href":"https:\/\/vinasfm.com\/noticias\/wp-json\/wp\/v2\/media?parent=121163"}],"wp:term":[{"taxonomy":"category","embeddable":true,"href":"https:\/\/vinasfm.com\/noticias\/wp-json\/wp\/v2\/categories?post=121163"},{"taxonomy":"post_tag","embeddable":true,"href":"https:\/\/vinasfm.com\/noticias\/wp-json\/wp\/v2\/tags?post=121163"}],"curies":[{"name":"wp","href":"https:\/\/api.w.org\/{rel}","templated":true}]}}