{"id":121157,"date":"2023-04-21T10:57:27","date_gmt":"2023-04-21T13:57:27","guid":{"rendered":"https:\/\/vinasfm.com\/noticias\/?p=121157"},"modified":"2023-04-25T10:41:37","modified_gmt":"2023-04-25T13:41:37","slug":"manolo-sandobal-el-precandidato-peronista-va-por-la-intendencia-del-departamento","status":"publish","type":"post","link":"https:\/\/vinasfm.com\/noticias\/manolo-sandobal-el-precandidato-peronista-va-por-la-intendencia-del-departamento\/","title":{"rendered":"MANOLO SANDOBAL, EL PRECANDIDATO PERONISTA, VA POR LA INTENDENCIA DEL DEPARTAMENTO"},"content":{"rendered":"<p>El pre candidato busca unir al peronismo y trabajar por el bien de la comunidad alvearense.<\/p>\n<p><em><strong>\u00abUno nunca se despega de esto. Siempre hemos estado participando en la pol\u00edtica, hemos sido funcionarios, hemos tenido cargos pol\u00edticos, siempre estamos\u00bb<\/strong><\/em>, mencion\u00f3 Manolo Sandobal y record\u00f3 que el camino a la precandidatura <strong><em>\u00abinici\u00f3 con la gente de Bowen, ellos me impulsaron, dese ah\u00ed empec\u00e9 a hablar con compa\u00f1eros de todo el departamento. Hemos logrado una adhesi\u00f3n bastante importante en el departamento que no nos pasaba hace mucho tiempo, el objetivo es poder unirnos, trabajar por la comunidad y demostrar que el peronismo est\u00e1 unido y tiene deseos de ser protagonista en las elecciones\u00bb.<\/em><\/strong><\/p>\n<p>Sandobal explic\u00f3 que hoy la situaci\u00f3n dentro del peronismo no es muy f\u00e1cil, <strong><em>\u00abconocemos la realidad nacional y la situaci\u00f3n provincial no acompa\u00f1a mucho. Creo que hay que dejar de lado las mezquindades, hay que dejar de lado el personalismo y ponernos a trabajar por la sociedad\u00bb.\u00a0<\/em><\/strong><\/p>\n<p><strong><em>\u00abTenemos que conciliar la pol\u00edtica con la comunidad, si no es as\u00ed no vamos a ir a ning\u00fan lado, no podemos seguir pele\u00e1ndonos uno con otro porque vos sos de un partido, vos sos de otro partido. Hay que empezar a darnos cuenta que no es un problema entre nosotros, es algo que nos est\u00e1 llegando de arriba que quiere que nos mantengamos divididos\u00bb<\/em><\/strong>, sostuvo el pre candidato.<\/p>\n<p>Este s\u00e1bado 22 ser\u00e1 el tan esperado cierre de listas, en ese contexto el peronista reconoci\u00f3 que <em><strong>\u00abcreo que ser\u00e1 un cierre tranquilo, habr\u00e1n internas pero el ambiente es cordial. Adem\u00e1s es muy importante sentirnos c\u00f3modos y contenidos dentro del partido\u00bb.\u00a0<\/strong><\/em><\/p>\n<p>Con emoci\u00f3n mantuvo presente el apoyo de su familia y record\u00f3 la situaci\u00f3n que atraves\u00f3 Gustavo Majstruk, <em><strong>\u00ab\u00e9l decidi\u00f3 no participar activamente este a\u00f1o en la pol\u00edtica\u00a0 y prioriz\u00f3 a su familia, yo solo tengo a mis hijos para consultar y siempre me manifiestan que su madre estar\u00eda muy contenta\u00bb.<\/strong><\/em><\/p>\n<p>&nbsp;<\/p>\n","protected":false},"excerpt":{"rendered":"<p>El pre candidato busca unir al peronismo y trabajar por el bien de la comunidad alvearense. \u00abUno nunca se despega de &#8230;<\/p>\n","protected":false},"author":7,"featured_media":926,"comment_status":"open","ping_status":"open","sticky":false,"template":"","format":"standard","meta":{"footnotes":""},"categories":[1],"tags":[],"class_list":["post-121157","post","type-post","status-publish","format-standard","has-post-thumbnail","hentry","category-fmvinas"],"_links":{"self":[{"href":"https:\/\/vinasfm.com\/noticias\/wp-json\/wp\/v2\/posts\/121157","targetHints":{"allow":["GET"]}}],"collection":[{"href":"https:\/\/vinasfm.com\/noticias\/wp-json\/wp\/v2\/posts"}],"about":[{"href":"https:\/\/vinasfm.com\/noticias\/wp-json\/wp\/v2\/types\/post"}],"author":[{"embeddable":true,"href":"https:\/\/vinasfm.com\/noticias\/wp-json\/wp\/v2\/users\/7"}],"replies":[{"embeddable":true,"href":"https:\/\/vinasfm.com\/noticias\/wp-json\/wp\/v2\/comments?post=121157"}],"version-history":[{"count":1,"href":"https:\/\/vinasfm.com\/noticias\/wp-json\/wp\/v2\/posts\/121157\/revisions"}],"predecessor-version":[{"id":121162,"href":"https:\/\/vinasfm.com\/noticias\/wp-json\/wp\/v2\/posts\/121157\/revisions\/121162"}],"wp:featuredmedia":[{"embeddable":true,"href":"https:\/\/vinasfm.com\/noticias\/wp-json\/wp\/v2\/media\/926"}],"wp:attachment":[{"href":"https:\/\/vinasfm.com\/noticias\/wp-json\/wp\/v2\/media?parent=121157"}],"wp:term":[{"taxonomy":"category","embeddable":true,"href":"https:\/\/vinasfm.com\/noticias\/wp-json\/wp\/v2\/categories?post=121157"},{"taxonomy":"post_tag","embeddable":true,"href":"https:\/\/vinasfm.com\/noticias\/wp-json\/wp\/v2\/tags?post=121157"}],"curies":[{"name":"wp","href":"https:\/\/api.w.org\/{rel}","templated":true}]}}