{"id":121149,"date":"2023-04-21T09:58:54","date_gmt":"2023-04-21T12:58:54","guid":{"rendered":"https:\/\/vinasfm.com\/noticias\/?p=121149"},"modified":"2023-04-24T08:03:54","modified_gmt":"2023-04-24T11:03:54","slug":"el-hcd-de-malargue-analiza-el-pedido-de-juicio-politico-al-intendente-juan-manuel-ojeda","status":"publish","type":"post","link":"https:\/\/vinasfm.com\/noticias\/el-hcd-de-malargue-analiza-el-pedido-de-juicio-politico-al-intendente-juan-manuel-ojeda\/","title":{"rendered":"EL HCD DE MALARG\u00dcE ANALIZA EL PEDIDO DE JUICIO POL\u00cdTICO AL INTENDENTE JUAN MANUEL OJEDA"},"content":{"rendered":"<article class=\"article-body article-body--second-paragraph\"><strong>Este mi\u00e9rcoles integrantes de la agrupaci\u00f3n partidaria Cuidemos Malarg\u00fce, que lideran la ex concejal\u00a0Daniela Favari\u00a0y la actual edil\u00a0Silvia Correa, convocaron al periodismo para informar sobre el \u201cpedido de Juicio Pol\u00edtico al intendente de Malarg\u00fce, denuncia administrativa y penal\u201d.<\/strong><\/article>\n<article><\/article>\n<article><\/article>\n<article class=\"article-body article-body--second-paragraph\">Las convocantes hicieron entrega de una copia del documento remitido al presidente del\u00a0<strong>Concejo Deliberante<\/strong>\u00a0donde se expresa\u00a0<em><strong>\u201cla denuncia administrativa contra el se\u00f1or\u00a0Juan Manuel Ojeda, intendente del departamento de Malarg\u00fce, y a Giambenedetti S.A.S, y contra quien interviniere en la realizaci\u00f3n de actos y negociaciones patrimoniales incompatibles contra la Administraci\u00f3n P\u00fablica, fraude a la Administraci\u00f3n P\u00fablica\u201d<\/strong><\/em>, acusaci\u00f3n realizada el pasado jueves en la Unidad Fiscal de Malarg\u00fce.<\/article>\n<p>El pedido de juicio pol\u00edtico al intendente Juan Manuel Ojeda, que formularon al Concejo Deiberante\u00a0la precandidata a intendente por el espacio \u201cCuidemos Malarg\u00fce\u201d del Frente Elej\u00ed, Daniela Favari, y la concejal Silvia Correa, del mismo sector, pas\u00f3 a la Comisi\u00f3n de Hacienda, presupuesto, legislaci\u00f3n y asuntos constitucionales (HPLAC).<\/p>\n<p>Ser\u00e1 en esa comisi\u00f3n donde se analizar\u00e1 si es necesario avanzar con la conformaci\u00f3n, o no, de una comisi\u00f3n evaluadora de los presuntos delitos que las denunciantes le endilgan al jefe comunal.<\/p>\n<p>Si se llegara a la investigaci\u00f3n deber\u00eda abrirse la instancia propiamente dicha del juicio pol\u00edtico que implica la suspensi\u00f3n del intendente, la asunci\u00f3n inmediata del Presidente del Concejo Deliberante como intendente interino, la acusaci\u00f3n y defensa a Ojeda y luego la destituci\u00f3n o no. Todo ello en medio del proceso electoral que ya se vive en el departamento, la provincia y la naci\u00f3n.<\/p>\n<p><em><strong>\u201cHoy, esta denuncia, como cualquier denuncia que por all\u00ed realiza alg\u00fan vecino, pas\u00f3 a comisi\u00f3n donde se trabajar\u00e1 y analizaremos esto. Hay que tomarlo con much\u00edsimo cuidado, con mucha tranquilidad y objetividad, porque estamos hablando de una cuesti\u00f3n pol\u00edtica compleja. No siempre hay un pedido de juicio pol\u00edtico al intendente, por lo tanto, ac\u00e1 la responsabilidad de cada uno de los concejales tiene que ser muy a la altura de las circunstancias. Despu\u00e9s concluiremos si es necesario la comisi\u00f3n de investigaci\u00f3n y seguir\u00e1 el cauce correspondiente pero, por lo pronto, se vot\u00f3 que vaya a esa comisi\u00f3n (HPLAC)<\/strong><\/em>\u201d expres\u00f3, en declaraciones a Radio Nacional, el concejal Francisco Parada, bloque Encuentro.<\/p>\n<h2>LA PESPUESTA DE OJEA<\/h2>\n<p>La r\u00e9plica no se dej\u00f3 esperar, y a\u00a0minutos de finalizada la conferencia de prensa en el Bloque Cuidemos Malarg\u00fce, el intendente Juan Manuel Ojeda, y ante los micr\u00f3fonos de los periodistas\u00a0dijo \u201cal primer juicio que le tendr\u00eda miedo, es al de Dios\u201d, remarcando \u201cquien nada hace, nada teme\u201d.<\/p>\n<p>En medio de su defensa, Ojeda se encarg\u00f3 de enumerar las obras anunciadas en las \u00faltimas horas, para arremeter, y\u00a0en expl\u00edcito mensaje a sus denunciantes, que<strong><em> \u201clas \u00e1guilas no cazan moscas,\u00a0en este caso todos los expedientes son sometidos al examen de Tribunal de Cuentas, Fiscal\u00eda de Estado, y de los ciudadanos\u201d<\/em>, <\/strong>para resumir que<strong>\u00a0<em>\u201cesta es una denuncia m\u00e1s de las que intentan que yo no sea candidato\u201d<\/em>, <\/strong>en las pr\u00f3ximas elecciones.<\/p>\n","protected":false},"excerpt":{"rendered":"<p>Este mi\u00e9rcoles integrantes de la agrupaci\u00f3n partidaria Cuidemos Malarg\u00fce, que lideran la ex concejal\u00a0Daniela Favari\u00a0y la actual edil\u00a0Silvia Correa, convocaron al &#8230;<\/p>\n","protected":false},"author":7,"featured_media":89901,"comment_status":"open","ping_status":"open","sticky":false,"template":"","format":"standard","meta":{"footnotes":""},"categories":[5,10],"tags":[],"class_list":["post-121149","post","type-post","status-publish","format-standard","has-post-thumbnail","hentry","category-actualidad","category-destacadas"],"_links":{"self":[{"href":"https:\/\/vinasfm.com\/noticias\/wp-json\/wp\/v2\/posts\/121149","targetHints":{"allow":["GET"]}}],"collection":[{"href":"https:\/\/vinasfm.com\/noticias\/wp-json\/wp\/v2\/posts"}],"about":[{"href":"https:\/\/vinasfm.com\/noticias\/wp-json\/wp\/v2\/types\/post"}],"author":[{"embeddable":true,"href":"https:\/\/vinasfm.com\/noticias\/wp-json\/wp\/v2\/users\/7"}],"replies":[{"embeddable":true,"href":"https:\/\/vinasfm.com\/noticias\/wp-json\/wp\/v2\/comments?post=121149"}],"version-history":[{"count":4,"href":"https:\/\/vinasfm.com\/noticias\/wp-json\/wp\/v2\/posts\/121149\/revisions"}],"predecessor-version":[{"id":121154,"href":"https:\/\/vinasfm.com\/noticias\/wp-json\/wp\/v2\/posts\/121149\/revisions\/121154"}],"wp:featuredmedia":[{"embeddable":true,"href":"https:\/\/vinasfm.com\/noticias\/wp-json\/wp\/v2\/media\/89901"}],"wp:attachment":[{"href":"https:\/\/vinasfm.com\/noticias\/wp-json\/wp\/v2\/media?parent=121149"}],"wp:term":[{"taxonomy":"category","embeddable":true,"href":"https:\/\/vinasfm.com\/noticias\/wp-json\/wp\/v2\/categories?post=121149"},{"taxonomy":"post_tag","embeddable":true,"href":"https:\/\/vinasfm.com\/noticias\/wp-json\/wp\/v2\/tags?post=121149"}],"curies":[{"name":"wp","href":"https:\/\/api.w.org\/{rel}","templated":true}]}}