{"id":121138,"date":"2023-04-21T09:14:10","date_gmt":"2023-04-21T12:14:10","guid":{"rendered":"https:\/\/vinasfm.com\/noticias\/?p=121138"},"modified":"2023-04-22T10:30:46","modified_gmt":"2023-04-22T13:30:46","slug":"la-presidente-del-hcd-mabel-uccelli-junto-a-las-concejales-hebe-katzer-y-patricia-salice-realizaron-un-balance-de-la-ultima-sesion-odinaria","status":"publish","type":"post","link":"https:\/\/vinasfm.com\/noticias\/la-presidente-del-hcd-mabel-uccelli-junto-a-las-concejales-hebe-katzer-y-patricia-salice-realizaron-un-balance-de-la-ultima-sesion-odinaria\/","title":{"rendered":"LA PRESIDENTE DEL HCD MABEL UCCELLI, JUNTO A LAS CONCEJALES HEBE KATZER Y PATRICIA SALICE REALIZARON UN BALANCE DE LA \u00daLTIMA SESI\u00d3N ODINARIA"},"content":{"rendered":"<p>Este jueves 20 se llev\u00f3 a cabo una nueva Sesi\u00f3n Ordinaria en el recinto del HCD.<\/p>\n<p><em><strong>\u00abSe han tratado diferentes expedientes que hab\u00edan sido tratados en las comisiones con los diferentes concejales, algunos fueron aprobados, otros fueron vueltos a comisi\u00f3n\u00bb<\/strong><\/em>, mencion\u00f3 Mabel Uccelli y destac\u00f3 que en dicha sesi\u00f3n se realiz\u00f3 \u00ab<em><strong>la primera Banca del Ciudadano que corresponde a las Sesiones Ordinarias\u00bb<\/strong><\/em> relacionada al agro.<\/p>\n<p>En el recinto estuvo presente Pilar Castillo, referente al agro local. <strong><em>\u00abNos estuvo<\/em> solicitando que podamos interceder con diferentes organismos, sobre todo con la Direcci\u00f3n de Agricultura del departamento y tambi\u00e9n de la provincia, para analizar una vez m\u00e1s lo que tiene que ver con el RUT, un tema que el a\u00f1o pasado se trat\u00f3 y se pudo lograr una extensi\u00f3n de un a\u00f1o para que los agricultores se pudiesen poner al d\u00eda con el nuevo sistema\u00bb.<\/strong> Desde el HCD qued\u00f3 el compromiso de trabajar a partir de la semana que viene con los diferentes responsables y brindarle a Castillo la informaci\u00f3n del avance sobre el tema.<\/p>\n<p>Hebe Katzer mencion\u00f3<strong><em> \u00abtuvimos varios proyectos que tienen que ver con los vecinos y vecinas del departamento, en donde en algunas calles nos piden luminaria, sobre todo en un sector de la calle Centenario. Nos han tra\u00eddo tambi\u00e9n la problem\u00e1tica del derivador en la Ruta 143 Norte y calle G, que plantean la posibilidad de construir una rotonda porque est\u00e1 muy confuso por ah\u00ed el derivador\u00bb<\/em><\/strong>, adem\u00e1s la edil agreg\u00f3 que se planteo una ordenanza sobre las distinciones que se realizan a los ciudadanos y c\u00f3mo reglamentarlo;<strong><em> \u00abqueremos reglamentar para ver qui\u00e9n es ciudadano ilustre, qui\u00e9n puede merecer una distinci\u00f3n y poder organizarnos de otra manera cuando nos llegan estos proyectos que vienen de la comunidad\u00bb.<\/em><\/strong><\/p>\n<p>Anteriormente, la concejal Patricia Salice mencion\u00f3 que ten\u00edan por destino poder tratar y poder debatir sobre el autismo. <em><strong>\u00abEn esta sesi\u00f3n se ha dado aprobaci\u00f3n a un proyecto que fue presentado para crear un programa municipal de detecci\u00f3n precoz de autismo. Entendemos que en el autismo se vienen realizando distintas acciones desde hace algunos a\u00f1os, la mayor\u00eda est\u00e1n centradas en la concientizaci\u00f3n sobre esta condici\u00f3n de Trastorno del Espectro Autista. Este programa lo que pretende es dar un pasito m\u00e1s, es poder nuclear debajo de un programa, que estar\u00eda dentro de la Asesor\u00eda de Discapacidad, distintas acciones concretas que est\u00e9n orientadas y articuladas para poder detectar esos primeros signos de alarma en los jardines maternales del departamento y desde all\u00ed realizar las derivaciones correspondientes a los organismos de salud o a las otras instituciones que puedan confirmar o no el diagn\u00f3stico\u00bb.<\/strong><\/em> Este proyecto qued\u00f3 aprobado en la sesi\u00f3n de este jueves. <em><strong>\u00abEste programa puede permitir centrar acciones para firmar convenios con fundaciones, con profesionales particulares de otros lugares de la provincia y poder realizar algunas consultas espor\u00e1dicas para tener tambi\u00e9n definitivamente el diagn\u00f3stico en nuestro departamento\u00bb<\/strong><\/em>, agreg\u00f3 Salice.<\/p>\n<p>Por \u00faltimo, Uccelli mencion\u00f3 que el deportista ciclista Ignacio Gili ha sido reconocido como Ciudadano Ilustre. <strong><em>\u00abSabemos que es un tema muy sensible porque Ignacio no est\u00e1 atravesando un buen momento de salud, por lo tanto esto se ha realizado con total consentimiento de la familia\u00bb.\u00a0<\/em><\/strong><\/p>\n","protected":false},"excerpt":{"rendered":"<p>Este jueves 20 se llev\u00f3 a cabo una nueva Sesi\u00f3n Ordinaria en el recinto del HCD. \u00abSe han tratado diferentes expedientes &#8230;<\/p>\n","protected":false},"author":7,"featured_media":121141,"comment_status":"open","ping_status":"open","sticky":false,"template":"","format":"standard","meta":{"footnotes":""},"categories":[5,26],"tags":[],"class_list":["post-121138","post","type-post","status-publish","format-standard","has-post-thumbnail","hentry","category-actualidad","category-hcd"],"_links":{"self":[{"href":"https:\/\/vinasfm.com\/noticias\/wp-json\/wp\/v2\/posts\/121138","targetHints":{"allow":["GET"]}}],"collection":[{"href":"https:\/\/vinasfm.com\/noticias\/wp-json\/wp\/v2\/posts"}],"about":[{"href":"https:\/\/vinasfm.com\/noticias\/wp-json\/wp\/v2\/types\/post"}],"author":[{"embeddable":true,"href":"https:\/\/vinasfm.com\/noticias\/wp-json\/wp\/v2\/users\/7"}],"replies":[{"embeddable":true,"href":"https:\/\/vinasfm.com\/noticias\/wp-json\/wp\/v2\/comments?post=121138"}],"version-history":[{"count":2,"href":"https:\/\/vinasfm.com\/noticias\/wp-json\/wp\/v2\/posts\/121138\/revisions"}],"predecessor-version":[{"id":121143,"href":"https:\/\/vinasfm.com\/noticias\/wp-json\/wp\/v2\/posts\/121138\/revisions\/121143"}],"wp:featuredmedia":[{"embeddable":true,"href":"https:\/\/vinasfm.com\/noticias\/wp-json\/wp\/v2\/media\/121141"}],"wp:attachment":[{"href":"https:\/\/vinasfm.com\/noticias\/wp-json\/wp\/v2\/media?parent=121138"}],"wp:term":[{"taxonomy":"category","embeddable":true,"href":"https:\/\/vinasfm.com\/noticias\/wp-json\/wp\/v2\/categories?post=121138"},{"taxonomy":"post_tag","embeddable":true,"href":"https:\/\/vinasfm.com\/noticias\/wp-json\/wp\/v2\/tags?post=121138"}],"curies":[{"name":"wp","href":"https:\/\/api.w.org\/{rel}","templated":true}]}}