{"id":121118,"date":"2023-04-20T12:20:14","date_gmt":"2023-04-20T15:20:14","guid":{"rendered":"https:\/\/vinasfm.com\/noticias\/?p=121118"},"modified":"2023-04-21T10:30:05","modified_gmt":"2023-04-21T13:30:05","slug":"un-colectivo-choco-con-un-camion-en-el-acceso-este","status":"publish","type":"post","link":"https:\/\/vinasfm.com\/noticias\/un-colectivo-choco-con-un-camion-en-el-acceso-este\/","title":{"rendered":"UN COLECTIVO CHOC\u00d3 CON UN CAMI\u00d3N EN EL ACCESO ESTE"},"content":{"rendered":"<div class=\"description-boxed\"><strong>El micro ven\u00eda desde Mar del Plata con destino a Mendoza. El cami\u00f3n termin\u00f3 volcado y su ocupante en el hospital.<\/strong><\/div>\n<div><\/div>\n<div>Este jueves por la ma\u00f1ana,\u00a0<b>un colectivo de la empresa Andesmar choc\u00f3 contra un cami\u00f3n<\/b>\u00a0en el kil\u00f3metro 8 del Acceso Este, cerca del cruce con Ruta Provincial 50.<\/div>\n<div>\n<p>La hip\u00f3tesis marca que el cami\u00f3n y el micro viajaban en sentido hacia el Oeste, el camionero quiso pasar al micro por el carril izquierdo, pero lo impact\u00f3 en la parte trasera. El cami\u00f3n termin\u00f3 volcado a un costado de la ruta.<\/p>\n<p><a href=\"http:\/\/vinasfm.com\/noticias\/wp-content\/uploads\/2023\/04\/6441500084eb9_570_460.jpg\"><img loading=\"lazy\" decoding=\"async\" class=\"wp-image-121120 aligncenter\" src=\"http:\/\/vinasfm.com\/noticias\/wp-content\/uploads\/2023\/04\/6441500084eb9_570_460.jpg\" alt=\"\" width=\"450\" height=\"363\" srcset=\"https:\/\/vinasfm.com\/noticias\/wp-content\/uploads\/2023\/04\/6441500084eb9_570_460.jpg 570w, https:\/\/vinasfm.com\/noticias\/wp-content\/uploads\/2023\/04\/6441500084eb9_570_460-300x242.jpg 300w\" sizes=\"auto, (max-width: 450px) 100vw, 450px\" \/><\/a><\/p>\n<p>Seg\u00fan las primeras informaciones que llegan desde el lugar, en la unidad que llegaba desde Mar del Plata viajaban 21 pasajeros, aparte del chofer y su acompa\u00f1ante.\u00a0 El tr\u00e1nsito fue interrumpido parcialmente.<\/p>\n<p>Ninguno de los pasajeros sufri\u00f3 heridas, tampoco el chofer, pero si su acompa\u00f1ante, quien fue atendido en una ambulancia que lleg\u00f3 hasta el lugar.<\/p>\n<p>Por su parte, el camionero (29) se llev\u00f3 la peor parte y debi\u00f3 ser trasladado a un hospital con un corte en su cabeza y un TEC, aunque sin riesgo de vida aparente.<\/p>\n<p>&nbsp;<\/p>\n<\/div>\n","protected":false},"excerpt":{"rendered":"<p>El micro ven\u00eda desde Mar del Plata con destino a Mendoza. El cami\u00f3n termin\u00f3 volcado y su ocupante en el hospital. &#8230;<\/p>\n","protected":false},"author":7,"featured_media":121119,"comment_status":"open","ping_status":"open","sticky":false,"template":"","format":"standard","meta":{"footnotes":""},"categories":[5,10],"tags":[],"class_list":["post-121118","post","type-post","status-publish","format-standard","has-post-thumbnail","hentry","category-actualidad","category-destacadas"],"_links":{"self":[{"href":"https:\/\/vinasfm.com\/noticias\/wp-json\/wp\/v2\/posts\/121118","targetHints":{"allow":["GET"]}}],"collection":[{"href":"https:\/\/vinasfm.com\/noticias\/wp-json\/wp\/v2\/posts"}],"about":[{"href":"https:\/\/vinasfm.com\/noticias\/wp-json\/wp\/v2\/types\/post"}],"author":[{"embeddable":true,"href":"https:\/\/vinasfm.com\/noticias\/wp-json\/wp\/v2\/users\/7"}],"replies":[{"embeddable":true,"href":"https:\/\/vinasfm.com\/noticias\/wp-json\/wp\/v2\/comments?post=121118"}],"version-history":[{"count":1,"href":"https:\/\/vinasfm.com\/noticias\/wp-json\/wp\/v2\/posts\/121118\/revisions"}],"predecessor-version":[{"id":121121,"href":"https:\/\/vinasfm.com\/noticias\/wp-json\/wp\/v2\/posts\/121118\/revisions\/121121"}],"wp:featuredmedia":[{"embeddable":true,"href":"https:\/\/vinasfm.com\/noticias\/wp-json\/wp\/v2\/media\/121119"}],"wp:attachment":[{"href":"https:\/\/vinasfm.com\/noticias\/wp-json\/wp\/v2\/media?parent=121118"}],"wp:term":[{"taxonomy":"category","embeddable":true,"href":"https:\/\/vinasfm.com\/noticias\/wp-json\/wp\/v2\/categories?post=121118"},{"taxonomy":"post_tag","embeddable":true,"href":"https:\/\/vinasfm.com\/noticias\/wp-json\/wp\/v2\/tags?post=121118"}],"curies":[{"name":"wp","href":"https:\/\/api.w.org\/{rel}","templated":true}]}}