{"id":121111,"date":"2023-04-20T12:04:41","date_gmt":"2023-04-20T15:04:41","guid":{"rendered":"https:\/\/vinasfm.com\/noticias\/?p=121111"},"modified":"2023-04-21T10:04:17","modified_gmt":"2023-04-21T13:04:17","slug":"carlos-ponce-declino-su-precandidatura-a-la-intendencia-de-general-alvear","status":"publish","type":"post","link":"https:\/\/vinasfm.com\/noticias\/carlos-ponce-declino-su-precandidatura-a-la-intendencia-de-general-alvear\/","title":{"rendered":"CARLOS PONCE DECLIN\u00d3 SU PRECANDIDATURA A LA INTENDENCIA DE GENERAL ALVEAR"},"content":{"rendered":"<p>Carlos Ponce, comunic\u00f3 la decisi\u00f3n de dar marcha atr\u00e1s con su precandidatura a Intendente, pr\u00f3ximo al cierre de listas el s\u00e1bado 22 del corriente. Aunque han trabajado duro para consolidar su proyecto, las encuestas y la nueva ley electoral les juegan en contra.<\/p>\n<p><em><strong>\u00abOriginalmente nosotros hemos participado de la gesti\u00f3n de gobierno actual donde se fueron generando algunas situaciones que nos llevaron a crear lo que hoy en d\u00eda es nuestro grupo, que para el mes de diciembre. Ya fuera de la gesti\u00f3n por decisiones del Intendente, comenzamos a transitar un camino dentro de la estructura del partido radical, dentro de lo que es el Frente Cambia-Mendoza, para tener el objetivo de poder participar de las elecciones PASO con una propuesta electoral<\/strong><\/em>\u00ab, comenz\u00f3 explicando Ponce.<\/p>\n<p><strong><em>\u00abLo cierto es que en esta instancia la modificaci\u00f3n que ha tenido la ley electoral (lo que es el sistema de boleta \u00fanica) hoy solamente permite la posibilidad de competir con dos casilleros dentro de la estructura en la que nosotros participamos. Nos respaldamos fuertemente en el armado provincial que tiene que ver con tratar de armar un consenso, armar una unidad para no producir desgastes en lo que tiene que ver con una interna\u00bb<\/em><\/strong>, mencion\u00f3.<\/p>\n<p>Ponce detall\u00f3 que las encuestas han sido claras, si bien han tenido una penetraci\u00f3n muy positiva en cuanto a lo que ha sido su propuesta, es insuficiente como para encarar una participaci\u00f3n en las elecciones PASO del pr\u00f3ximo 11 de junio.<\/p>\n<p>Carlos Ponce reconoci\u00f3 que cada una de las medidas se toman de forman conjunta en el grupo. <em><strong>\u00abNosotros hemos logrado construir una plataforma de gesti\u00f3n que ver con esto de proyectar el departamento, lograr el bien com\u00fan a trav\u00e9s de pol\u00edticas p\u00fablicas, privadas, claras, que den ideolog\u00eda, que den consenso, etc\u00bb.\u00a0<\/strong><\/em><\/p>\n<p><strong><em>\u00abNos va a tocar trabajar dentro de la cancha, en el banco de suplente o fuera de la cancha, porque claramente nosotros tenemos la convicci\u00f3n que la pol\u00edtica de General Alvear necesita una renovaci\u00f3n y no necesita un recambio de cargos o de discusi\u00f3n de cargos, sino que necesita una discusi\u00f3n profunda para dar participaci\u00f3n a los nuevos espacios\u00bb<\/em><\/strong>, remarc\u00f3 en los micr\u00f3fonos de F.M VI\u00d1AS.<\/p>\n<p>Ya fuera de la carrera por la intendencia, Ponce mencion\u00f3 que este no ser\u00e1 su \u00fanico intento. <em><strong>\u00abNosotros nunca prometimos, siempre nos pusimos la consigna de proponer un Alvear mejor. Nosotros hemos tenido las mejores intenciones, eso es lo que nos moviliza, es lo que nos va a movilizar y es lo que nos lleva a nosotros a estar en este proyecto que hoy comienza, y ojal\u00e1 alg\u00fan d\u00eda podamos estar dirigiendo\u00bb.<\/strong><\/em><\/p>\n","protected":false},"excerpt":{"rendered":"<p>Carlos Ponce, comunic\u00f3 la decisi\u00f3n de dar marcha atr\u00e1s con su precandidatura a Intendente, pr\u00f3ximo al cierre de listas el s\u00e1bado &#8230;<\/p>\n","protected":false},"author":7,"featured_media":120176,"comment_status":"open","ping_status":"open","sticky":false,"template":"","format":"standard","meta":{"footnotes":""},"categories":[5,7],"tags":[],"class_list":["post-121111","post","type-post","status-publish","format-standard","has-post-thumbnail","hentry","category-actualidad","category-politica"],"_links":{"self":[{"href":"https:\/\/vinasfm.com\/noticias\/wp-json\/wp\/v2\/posts\/121111","targetHints":{"allow":["GET"]}}],"collection":[{"href":"https:\/\/vinasfm.com\/noticias\/wp-json\/wp\/v2\/posts"}],"about":[{"href":"https:\/\/vinasfm.com\/noticias\/wp-json\/wp\/v2\/types\/post"}],"author":[{"embeddable":true,"href":"https:\/\/vinasfm.com\/noticias\/wp-json\/wp\/v2\/users\/7"}],"replies":[{"embeddable":true,"href":"https:\/\/vinasfm.com\/noticias\/wp-json\/wp\/v2\/comments?post=121111"}],"version-history":[{"count":2,"href":"https:\/\/vinasfm.com\/noticias\/wp-json\/wp\/v2\/posts\/121111\/revisions"}],"predecessor-version":[{"id":121114,"href":"https:\/\/vinasfm.com\/noticias\/wp-json\/wp\/v2\/posts\/121111\/revisions\/121114"}],"wp:featuredmedia":[{"embeddable":true,"href":"https:\/\/vinasfm.com\/noticias\/wp-json\/wp\/v2\/media\/120176"}],"wp:attachment":[{"href":"https:\/\/vinasfm.com\/noticias\/wp-json\/wp\/v2\/media?parent=121111"}],"wp:term":[{"taxonomy":"category","embeddable":true,"href":"https:\/\/vinasfm.com\/noticias\/wp-json\/wp\/v2\/categories?post=121111"},{"taxonomy":"post_tag","embeddable":true,"href":"https:\/\/vinasfm.com\/noticias\/wp-json\/wp\/v2\/tags?post=121111"}],"curies":[{"name":"wp","href":"https:\/\/api.w.org\/{rel}","templated":true}]}}