{"id":121108,"date":"2023-04-20T11:19:35","date_gmt":"2023-04-20T14:19:35","guid":{"rendered":"https:\/\/vinasfm.com\/noticias\/?p=121108"},"modified":"2023-04-20T11:19:35","modified_gmt":"2023-04-20T14:19:35","slug":"cerraran-por-unas-horas-el-paso-cristo-redentor-por-obras","status":"publish","type":"post","link":"https:\/\/vinasfm.com\/noticias\/cerraran-por-unas-horas-el-paso-cristo-redentor-por-obras\/","title":{"rendered":"CERRAR\u00c1N POR UNAS HORAS EL PASO CRISTO REDENTOR POR OBRAS"},"content":{"rendered":"<div class=\"description-boxed\"><strong>No atender\u00e1n a viajeros pero s\u00ed a transporte de carga. El motivo es que realizar\u00e1n trabajos de ampliaci\u00f3n de banda ancha.<\/strong><\/div>\n<div><\/div>\n<div>La coordinaci\u00f3n del cruce a Chile inform\u00f3 que\u00a0<b>este jueves se cortar\u00e1 por algunas horas la atenci\u00f3n al p\u00fablico en el\u00a0Paso Cristo Redentor<\/b>\u00a0debido a trabajos que se har\u00e1n en el complejo que une Mendoza con Chile.<\/div>\n<div>\n<p>El cierre del paso ser\u00e1 por dos horas,\u00a0<b>entre las 22.00 y las 24.00 de este jueves 20 de abril<\/b>, informaron a trav\u00e9s de un comunicado que lleva la firma de Justo Jos\u00e9 Bascolo, coordinador del Sistema Cristo Redentor.<\/p>\n<p>Esta medida\u00a0<b>regir\u00e1 para las personas que viajen en veh\u00edculos particulares y colectivos<\/b>. La atenci\u00f3n al transporte internacional de cargas funcionar\u00e1 con normalidad en el periodo afectado.<\/p>\n<p>\u00abDicha suspensi\u00f3n obedece a\u00a0<b>trabajos de ampliaci\u00f3n de banda ancha<\/b>\u00a0que se realizar\u00e1n por el lapso de dos horas\u00bb, reza el escrito difundido por la coordinaci\u00f3n del paso.<\/p>\n<p><b>Durante la pasada Semana Santa, cruzaron a la provincia desde el pa\u00eds trasandino m\u00e1s de 20 mil personas<\/b>, mientras que 10 mil se movilizaron en veh\u00edculo desde Mendoza hacia Chile. El Paso Cristo Redentor qued\u00f3 segundo entre las v\u00edas de ingreso a Argentina m\u00e1s utilizadas por turistas extranjeros, s\u00f3lo por detr\u00e1s del Aeropuerto de Ezeiza.<\/p>\n<\/div>\n","protected":false},"excerpt":{"rendered":"<p>No atender\u00e1n a viajeros pero s\u00ed a transporte de carga. El motivo es que realizar\u00e1n trabajos de ampliaci\u00f3n de banda ancha. &#8230;<\/p>\n","protected":false},"author":7,"featured_media":121109,"comment_status":"open","ping_status":"open","sticky":false,"template":"","format":"standard","meta":{"footnotes":""},"categories":[1],"tags":[],"class_list":["post-121108","post","type-post","status-publish","format-standard","has-post-thumbnail","hentry","category-fmvinas"],"_links":{"self":[{"href":"https:\/\/vinasfm.com\/noticias\/wp-json\/wp\/v2\/posts\/121108","targetHints":{"allow":["GET"]}}],"collection":[{"href":"https:\/\/vinasfm.com\/noticias\/wp-json\/wp\/v2\/posts"}],"about":[{"href":"https:\/\/vinasfm.com\/noticias\/wp-json\/wp\/v2\/types\/post"}],"author":[{"embeddable":true,"href":"https:\/\/vinasfm.com\/noticias\/wp-json\/wp\/v2\/users\/7"}],"replies":[{"embeddable":true,"href":"https:\/\/vinasfm.com\/noticias\/wp-json\/wp\/v2\/comments?post=121108"}],"version-history":[{"count":1,"href":"https:\/\/vinasfm.com\/noticias\/wp-json\/wp\/v2\/posts\/121108\/revisions"}],"predecessor-version":[{"id":121110,"href":"https:\/\/vinasfm.com\/noticias\/wp-json\/wp\/v2\/posts\/121108\/revisions\/121110"}],"wp:featuredmedia":[{"embeddable":true,"href":"https:\/\/vinasfm.com\/noticias\/wp-json\/wp\/v2\/media\/121109"}],"wp:attachment":[{"href":"https:\/\/vinasfm.com\/noticias\/wp-json\/wp\/v2\/media?parent=121108"}],"wp:term":[{"taxonomy":"category","embeddable":true,"href":"https:\/\/vinasfm.com\/noticias\/wp-json\/wp\/v2\/categories?post=121108"},{"taxonomy":"post_tag","embeddable":true,"href":"https:\/\/vinasfm.com\/noticias\/wp-json\/wp\/v2\/tags?post=121108"}],"curies":[{"name":"wp","href":"https:\/\/api.w.org\/{rel}","templated":true}]}}