{"id":121075,"date":"2023-04-20T09:44:27","date_gmt":"2023-04-20T12:44:27","guid":{"rendered":"https:\/\/vinasfm.com\/noticias\/?p=121075"},"modified":"2023-04-20T12:06:04","modified_gmt":"2023-04-20T15:06:04","slug":"continuan-las-obras-en-el-km0-pronto-a-su-inaugaracion","status":"publish","type":"post","link":"https:\/\/vinasfm.com\/noticias\/continuan-las-obras-en-el-km0-pronto-a-su-inaugaracion\/","title":{"rendered":"CONTIN\u00daAN LAS OBRAS EN EL KM 0 PRONTO A SU INAUGURACI\u00d3N"},"content":{"rendered":"<p><strong>Esta obra contempla la posibilidad de incluir a unos 35 oferentes, y estar\u00e1 disponible de lunes a lunes.<\/strong><\/p>\n<p><strong><em>\u00abVamos a entregar una obra que va a ser visitada todo el tiempo por los vecinos de Alvear y por eso queremos que est\u00e9 en las mejores<\/em> condiciones\u00bb<\/strong>, mencion\u00f3 el Secretario de Obras y Servicios P\u00fablicos, Jorge P\u00e9rez.<\/p>\n<p><em><strong>\u00abTuvimos inconvenientes con los elementos que fueron comprados fuera de la provincia. El armado general fue en Rosario y tuvo problemas con la mano de obra, se pudo solucionar el inconveniente pero tuvimos un atraso de 14 d\u00edas que se ven reflejados en la entrega de la obra\u00bb<\/strong><\/em>, explic\u00f3.<\/p>\n<p>La inauguraci\u00f3n del \u00abPaseo del Artesano\u00bb y el nuevo informador tur\u00edstico estaba programada para el 30 de abril, pero debido a los inconvenientes se estipula que podr\u00e1n existir algunos d\u00edas de demora.<\/p>\n<p><a href=\"http:\/\/vinasfm.com\/noticias\/wp-content\/uploads\/2023\/04\/WhatsApp-Image-2023-04-19-at-10.37.29.jpeg\"><img loading=\"lazy\" decoding=\"async\" class=\"alignnone wp-image-121080\" src=\"http:\/\/vinasfm.com\/noticias\/wp-content\/uploads\/2023\/04\/WhatsApp-Image-2023-04-19-at-10.37.29.jpeg\" alt=\"\" width=\"360\" height=\"202\" srcset=\"https:\/\/vinasfm.com\/noticias\/wp-content\/uploads\/2023\/04\/WhatsApp-Image-2023-04-19-at-10.37.29.jpeg 1599w, https:\/\/vinasfm.com\/noticias\/wp-content\/uploads\/2023\/04\/WhatsApp-Image-2023-04-19-at-10.37.29-300x169.jpeg 300w, https:\/\/vinasfm.com\/noticias\/wp-content\/uploads\/2023\/04\/WhatsApp-Image-2023-04-19-at-10.37.29-1024x576.jpeg 1024w, https:\/\/vinasfm.com\/noticias\/wp-content\/uploads\/2023\/04\/WhatsApp-Image-2023-04-19-at-10.37.29-768x432.jpeg 768w, https:\/\/vinasfm.com\/noticias\/wp-content\/uploads\/2023\/04\/WhatsApp-Image-2023-04-19-at-10.37.29-1536x864.jpeg 1536w, https:\/\/vinasfm.com\/noticias\/wp-content\/uploads\/2023\/04\/WhatsApp-Image-2023-04-19-at-10.37.29-750x420.jpeg 750w, https:\/\/vinasfm.com\/noticias\/wp-content\/uploads\/2023\/04\/WhatsApp-Image-2023-04-19-at-10.37.29-1140x641.jpeg 1140w\" sizes=\"auto, (max-width: 360px) 100vw, 360px\" \/><\/a> <a href=\"http:\/\/vinasfm.com\/noticias\/wp-content\/uploads\/2023\/04\/WhatsApp-Image-2023-04-19-at-10.36.32.jpeg\"><img loading=\"lazy\" decoding=\"async\" class=\"alignnone wp-image-121081\" src=\"http:\/\/vinasfm.com\/noticias\/wp-content\/uploads\/2023\/04\/WhatsApp-Image-2023-04-19-at-10.36.32.jpeg\" alt=\"\" width=\"360\" height=\"202\" srcset=\"https:\/\/vinasfm.com\/noticias\/wp-content\/uploads\/2023\/04\/WhatsApp-Image-2023-04-19-at-10.36.32.jpeg 1599w, https:\/\/vinasfm.com\/noticias\/wp-content\/uploads\/2023\/04\/WhatsApp-Image-2023-04-19-at-10.36.32-300x169.jpeg 300w, https:\/\/vinasfm.com\/noticias\/wp-content\/uploads\/2023\/04\/WhatsApp-Image-2023-04-19-at-10.36.32-1024x576.jpeg 1024w, https:\/\/vinasfm.com\/noticias\/wp-content\/uploads\/2023\/04\/WhatsApp-Image-2023-04-19-at-10.36.32-768x432.jpeg 768w, https:\/\/vinasfm.com\/noticias\/wp-content\/uploads\/2023\/04\/WhatsApp-Image-2023-04-19-at-10.36.32-1536x864.jpeg 1536w, https:\/\/vinasfm.com\/noticias\/wp-content\/uploads\/2023\/04\/WhatsApp-Image-2023-04-19-at-10.36.32-750x420.jpeg 750w, https:\/\/vinasfm.com\/noticias\/wp-content\/uploads\/2023\/04\/WhatsApp-Image-2023-04-19-at-10.36.32-1140x641.jpeg 1140w\" sizes=\"auto, (max-width: 360px) 100vw, 360px\" \/><\/a><\/p>\n<p>El costo final de la obra es de 109 millones de pesos, <em><strong>\u00abobviamente hay algunos \u00edtems que ser\u00e1n reevaluados. Como se sabe la macroeconom\u00eda ha influido, hay elementos que han cambiado notablemente su valor. La empresa presentar\u00e1 alguna moci\u00f3n para ser tenida en cuenta y desde la Secretar\u00eda de Obras evaluaremos si corresponde o no el reclamo\u00bb.\u00a0<\/strong><\/em><\/p>\n","protected":false},"excerpt":{"rendered":"<p>Esta obra contempla la posibilidad de incluir a unos 35 oferentes, y estar\u00e1 disponible de lunes a lunes. \u00abVamos a entregar &#8230;<\/p>\n","protected":false},"author":7,"featured_media":121079,"comment_status":"open","ping_status":"open","sticky":false,"template":"","format":"standard","meta":{"footnotes":""},"categories":[5,29],"tags":[],"class_list":["post-121075","post","type-post","status-publish","format-standard","has-post-thumbnail","hentry","category-actualidad","category-obras-y-servicios"],"_links":{"self":[{"href":"https:\/\/vinasfm.com\/noticias\/wp-json\/wp\/v2\/posts\/121075","targetHints":{"allow":["GET"]}}],"collection":[{"href":"https:\/\/vinasfm.com\/noticias\/wp-json\/wp\/v2\/posts"}],"about":[{"href":"https:\/\/vinasfm.com\/noticias\/wp-json\/wp\/v2\/types\/post"}],"author":[{"embeddable":true,"href":"https:\/\/vinasfm.com\/noticias\/wp-json\/wp\/v2\/users\/7"}],"replies":[{"embeddable":true,"href":"https:\/\/vinasfm.com\/noticias\/wp-json\/wp\/v2\/comments?post=121075"}],"version-history":[{"count":4,"href":"https:\/\/vinasfm.com\/noticias\/wp-json\/wp\/v2\/posts\/121075\/revisions"}],"predecessor-version":[{"id":121112,"href":"https:\/\/vinasfm.com\/noticias\/wp-json\/wp\/v2\/posts\/121075\/revisions\/121112"}],"wp:featuredmedia":[{"embeddable":true,"href":"https:\/\/vinasfm.com\/noticias\/wp-json\/wp\/v2\/media\/121079"}],"wp:attachment":[{"href":"https:\/\/vinasfm.com\/noticias\/wp-json\/wp\/v2\/media?parent=121075"}],"wp:term":[{"taxonomy":"category","embeddable":true,"href":"https:\/\/vinasfm.com\/noticias\/wp-json\/wp\/v2\/categories?post=121075"},{"taxonomy":"post_tag","embeddable":true,"href":"https:\/\/vinasfm.com\/noticias\/wp-json\/wp\/v2\/tags?post=121075"}],"curies":[{"name":"wp","href":"https:\/\/api.w.org\/{rel}","templated":true}]}}