{"id":121049,"date":"2023-04-20T10:28:44","date_gmt":"2023-04-20T13:28:44","guid":{"rendered":"https:\/\/vinasfm.com\/noticias\/?p=121049"},"modified":"2023-04-21T08:39:24","modified_gmt":"2023-04-21T11:39:24","slug":"se-realizaron-las-clasificatorias-para-la-final-del-segundo-torneo-de-destrezas-criollas","status":"publish","type":"post","link":"https:\/\/vinasfm.com\/noticias\/se-realizaron-las-clasificatorias-para-la-final-del-segundo-torneo-de-destrezas-criollas\/","title":{"rendered":"SE REALIZARON LAS CLASIFICATORIAS PARA LA FINAL DEL SEGUNDO TORNEO DE DESTREZAS CRIOLLAS"},"content":{"rendered":"<p><strong>El fin de semana pasado, en el establecimiento de Cerro Los Chanchos de familia Carabajal, se realiz\u00f3 la clasificatoria para el segundo torneo nacional de Destrezas Criollas.<\/strong><\/p>\n<p><strong><em>\u00abEste a\u00f1o se hizo en una sola fecha, en la cual tuvimos una cantidad important\u00edsima de binomios participando, y de un nivel excelente. Podemos mencionar que tuvimos jinetes de toda la provincia, lo que otros a\u00f1os no hab\u00eda ocurrido\u00bb<\/em> <\/strong>mencion\u00f3 Miguel Sosa y resalt\u00f3 la participaci\u00f3n <em><strong>\u00abtres competidores que en los \u00faltimos a\u00f1os estuvieron presentes en Jes\u00fas Mar\u00eda, la capital de las destrezas\u00bb. <\/strong><\/em>De los tres competidores solo uno logr\u00f3 la clasificaci\u00f3n.<\/p>\n<p>La final ser\u00e1 el s\u00e1bado 6 de mayo a partir de las 13:30h, en el Predio Ferial. Para iniciar se competir\u00e1 en la categor\u00eda menores con los juegos de \u00abdoble 8\u00bb y \u00abcruces de am\u00e9rica\u00bb. En la categor\u00eda mayores, en donde hay mayor cantidad de participantes, se competir\u00e1 en \u00abdoble 8\u00bb, \u00abCruyff de Am\u00e9rica\u00bb y la nueva incorporaci\u00f3n \u00abriendas argentinas\u00bb.<\/p>\n<p>Sosa destac\u00f3 la importante cantidad de familias que se han sumado a la actividad. <em><strong>\u00abQueremos darle importancia a esto como es un deporte, buscamos insertarlo en las actividades deportivas con el apoyo de la Direcci\u00f3n de Deportes\u00bb <\/strong><\/em>y agreg\u00f3 que<em><strong>\u00abla parte de premiaci\u00f3n este a\u00f1o va a estar a cargo de la Direcci\u00f3n de Deporte que nos halaga mucho que es lo que estamos trabajando\u00bb.<\/strong><\/em><\/p>\n<p>&nbsp;<\/p>\n<p>&nbsp;<\/p>\n<p>&nbsp;<\/p>\n<p>&nbsp;<\/p>\n","protected":false},"excerpt":{"rendered":"<p>El fin de semana pasado, en el establecimiento de Cerro Los Chanchos de familia Carabajal, se realiz\u00f3 la clasificatoria para el &#8230;<\/p>\n","protected":false},"author":7,"featured_media":22172,"comment_status":"open","ping_status":"open","sticky":false,"template":"","format":"standard","meta":{"footnotes":""},"categories":[5,3],"tags":[],"class_list":["post-121049","post","type-post","status-publish","format-standard","has-post-thumbnail","hentry","category-actualidad","category-deportes"],"_links":{"self":[{"href":"https:\/\/vinasfm.com\/noticias\/wp-json\/wp\/v2\/posts\/121049","targetHints":{"allow":["GET"]}}],"collection":[{"href":"https:\/\/vinasfm.com\/noticias\/wp-json\/wp\/v2\/posts"}],"about":[{"href":"https:\/\/vinasfm.com\/noticias\/wp-json\/wp\/v2\/types\/post"}],"author":[{"embeddable":true,"href":"https:\/\/vinasfm.com\/noticias\/wp-json\/wp\/v2\/users\/7"}],"replies":[{"embeddable":true,"href":"https:\/\/vinasfm.com\/noticias\/wp-json\/wp\/v2\/comments?post=121049"}],"version-history":[{"count":2,"href":"https:\/\/vinasfm.com\/noticias\/wp-json\/wp\/v2\/posts\/121049\/revisions"}],"predecessor-version":[{"id":121107,"href":"https:\/\/vinasfm.com\/noticias\/wp-json\/wp\/v2\/posts\/121049\/revisions\/121107"}],"wp:featuredmedia":[{"embeddable":true,"href":"https:\/\/vinasfm.com\/noticias\/wp-json\/wp\/v2\/media\/22172"}],"wp:attachment":[{"href":"https:\/\/vinasfm.com\/noticias\/wp-json\/wp\/v2\/media?parent=121049"}],"wp:term":[{"taxonomy":"category","embeddable":true,"href":"https:\/\/vinasfm.com\/noticias\/wp-json\/wp\/v2\/categories?post=121049"},{"taxonomy":"post_tag","embeddable":true,"href":"https:\/\/vinasfm.com\/noticias\/wp-json\/wp\/v2\/tags?post=121049"}],"curies":[{"name":"wp","href":"https:\/\/api.w.org\/{rel}","templated":true}]}}