{"id":121025,"date":"2023-04-19T09:26:51","date_gmt":"2023-04-19T12:26:51","guid":{"rendered":"https:\/\/vinasfm.com\/noticias\/?p=121025"},"modified":"2023-04-20T09:07:41","modified_gmt":"2023-04-20T12:07:41","slug":"exportadores-mendocinos-dudan-si-adherir-al-dolar-agro-porque-no-les-sirve","status":"publish","type":"post","link":"https:\/\/vinasfm.com\/noticias\/exportadores-mendocinos-dudan-si-adherir-al-dolar-agro-porque-no-les-sirve\/","title":{"rendered":"EXPORTADORES MENDOCINOS DUDAN SI ADHERIR AL D\u00d3LAR AGRO PORQUE \u00abNO LES SIRVE\u00bb"},"content":{"rendered":"<p><strong>El\u00a0d\u00f3lar agro, la medida anunciada por el Ministerio de Econom\u00eda nacional para los exportadores de las econom\u00edas regionales, no fue bien recibido en el empresariado mendocino.<\/strong><\/p>\n<p><strong><em>\u00abNos llevamos un poco de sorpresas porque cre\u00edamos que todo lo que se liquidara a partir de abril iba a tener el valor de $300 el d\u00f3lar, pero en realidad es para operaciones que se realicen en estos 90 d\u00edas\u00bb<\/em><\/strong> expres\u00f3 el reconocido productor local Jorge Rubio Roca y sostuvo que<strong><em> \u00abpara peque\u00f1as empresas es muy dif\u00edcil que podamos tener un d\u00f3lar de $300 porque no hacemos, regularmente, exportaciones todos los meses\u00bb.\u00a0<\/em><\/strong><\/p>\n<p>En resumen,\u00a0<b>la medida establece que los exportadores que vendan sus d\u00f3lares podr\u00e1n acceder a un tipo de cambio diferencial de $300<\/b>, hasta el 30 de agosto. Esto significa que por ese lapso de tiempo, cobrar\u00e1n m\u00e1s por cada d\u00f3lar que ingresen, lo que en teor\u00eda incentiva a las empresas a adherir al programa y cumplir con los requisitos que pide el Gobierno.<\/p>\n<p><em><strong>\u00abEn algunos casos con los exportadores se trabaja a 30, 60 o 90 d\u00edas de forma de pago y de la llegada de la mercader\u00eda, en otros casos se trabaja con un pago anticipado o cuando la mercader\u00eda llega. Son muy pocos los casos en los que se cobra por adelantado\u00bb<\/strong><\/em>, explic\u00f3 Rubio Roca. Lo que el d\u00f3lar agro plantea en teor\u00eda, en la pr\u00e1ctica se verifica muy dif\u00edcil de cumplir, ya que el plazo de la medida es \u00ababsolutamente insuficiente\u00bb tanto para para el vino como tambi\u00e9n para los frutos secos, entre otros productos que se exportan desde Mendoza.<\/p>\n<p>El Ministerio de Econom\u00eda dividi\u00f3 en cuatro categor\u00edas a las empresas, dependiendo de qu\u00e9 porcentaje de su facturaci\u00f3n corresponda a exportaciones. Aquellas que m\u00e1s exporten podr\u00e1n aumentar menos el precio (1% por mes), mientras las que facturen m\u00e1s en el mercado interno podr\u00e1n ajustar hasta 3,2% mensual. <em><strong>\u00abLas grandes empresas est\u00e1n exportando diariamente, es obvio que sus vol\u00famenes son mayores y por eso tienen m\u00e1s aceitada la forma de pago. Ellos si se ver\u00e1n beneficiados por el &#8216;d\u00f3lar agro'\u00bb<\/strong><\/em>, remarc\u00f3.<\/p>\n<p>Por \u00faltimo, Jorge Rubio Roca destac\u00f3 que<strong><em> \u00abson medidas tomadas con buenas intenciones, pero son m\u00e1s psicol\u00f3gicas que efectivas en la practica. Sin embargo, nos tenemos que adaptar a las medidas que toma el gobierno pero para las empresas chicas y medianas es muy dif\u00edcil logras este d\u00f3lar de $300\u00bb.\u00a0<\/em><\/strong><\/p>\n","protected":false},"excerpt":{"rendered":"<p>El\u00a0d\u00f3lar agro, la medida anunciada por el Ministerio de Econom\u00eda nacional para los exportadores de las econom\u00edas regionales, no fue bien &#8230;<\/p>\n","protected":false},"author":7,"featured_media":121027,"comment_status":"open","ping_status":"open","sticky":false,"template":"","format":"standard","meta":{"footnotes":""},"categories":[5,16],"tags":[],"class_list":["post-121025","post","type-post","status-publish","format-standard","has-post-thumbnail","hentry","category-actualidad","category-economia"],"_links":{"self":[{"href":"https:\/\/vinasfm.com\/noticias\/wp-json\/wp\/v2\/posts\/121025","targetHints":{"allow":["GET"]}}],"collection":[{"href":"https:\/\/vinasfm.com\/noticias\/wp-json\/wp\/v2\/posts"}],"about":[{"href":"https:\/\/vinasfm.com\/noticias\/wp-json\/wp\/v2\/types\/post"}],"author":[{"embeddable":true,"href":"https:\/\/vinasfm.com\/noticias\/wp-json\/wp\/v2\/users\/7"}],"replies":[{"embeddable":true,"href":"https:\/\/vinasfm.com\/noticias\/wp-json\/wp\/v2\/comments?post=121025"}],"version-history":[{"count":1,"href":"https:\/\/vinasfm.com\/noticias\/wp-json\/wp\/v2\/posts\/121025\/revisions"}],"predecessor-version":[{"id":121028,"href":"https:\/\/vinasfm.com\/noticias\/wp-json\/wp\/v2\/posts\/121025\/revisions\/121028"}],"wp:featuredmedia":[{"embeddable":true,"href":"https:\/\/vinasfm.com\/noticias\/wp-json\/wp\/v2\/media\/121027"}],"wp:attachment":[{"href":"https:\/\/vinasfm.com\/noticias\/wp-json\/wp\/v2\/media?parent=121025"}],"wp:term":[{"taxonomy":"category","embeddable":true,"href":"https:\/\/vinasfm.com\/noticias\/wp-json\/wp\/v2\/categories?post=121025"},{"taxonomy":"post_tag","embeddable":true,"href":"https:\/\/vinasfm.com\/noticias\/wp-json\/wp\/v2\/tags?post=121025"}],"curies":[{"name":"wp","href":"https:\/\/api.w.org\/{rel}","templated":true}]}}