{"id":120953,"date":"2023-04-18T09:04:31","date_gmt":"2023-04-18T12:04:31","guid":{"rendered":"https:\/\/vinasfm.com\/noticias\/?p=120953"},"modified":"2023-04-18T19:39:13","modified_gmt":"2023-04-18T22:39:13","slug":"hebe-katzer-confimo-su-precandidatura-a-intendente","status":"publish","type":"post","link":"https:\/\/vinasfm.com\/noticias\/hebe-katzer-confimo-su-precandidatura-a-intendente\/","title":{"rendered":"HEBE KATZER CONFIRM\u00d3 SU PRECANDIDATURA A INTENDENTE"},"content":{"rendered":"<p><strong>\u00abCon gran emoci\u00f3n les comparto mi decisi\u00f3n para postularme como PRE-CANDIDATA a Intendente de General Alvear por el Partido Justicialista, en las pr\u00f3ximas elecciones\u00bb, poste\u00f3 la edil en sus redes.<\/strong><\/p>\n<p><em><strong>\u00abMe he estado preparando durante los \u00faltimos 4 a\u00f1os y creo que una mujer es capaz de llevar a adelante una comuna\u00bb<\/strong><\/em>, mencion\u00f3 Katzer. La concejal dio a conocer su decisi\u00f3n a trav\u00e9s de su cuenta de Facebook el pasado domingo, <em><strong>\u00abdesde que hice publica la decisi\u00f3n, he recibido muchas llamadas de apoyo de personas que ven un posibilidad de tener algo diferente\u00bb<\/strong><\/em>, reconoci\u00f3.<\/p>\n<p><a href=\"http:\/\/vinasfm.com\/noticias\/wp-content\/uploads\/2023\/04\/WhatsApp-Image-2023-04-18-at-08.57.47.jpeg\"><img loading=\"lazy\" decoding=\"async\" class=\"size-full wp-image-120954 aligncenter\" src=\"http:\/\/vinasfm.com\/noticias\/wp-content\/uploads\/2023\/04\/WhatsApp-Image-2023-04-18-at-08.57.47.jpeg\" alt=\"\" width=\"540\" height=\"409\" srcset=\"https:\/\/vinasfm.com\/noticias\/wp-content\/uploads\/2023\/04\/WhatsApp-Image-2023-04-18-at-08.57.47.jpeg 540w, https:\/\/vinasfm.com\/noticias\/wp-content\/uploads\/2023\/04\/WhatsApp-Image-2023-04-18-at-08.57.47-300x227.jpeg 300w\" sizes=\"auto, (max-width: 540px) 100vw, 540px\" \/><\/a><\/p>\n<p><em><strong>\u00abVengo a ofrecer a los y las vecinas algo diferente para que puedan confiar en m\u00ed, porque creo que lo he demostrado desde mi responsabilidad de trabajo\u00bb<\/strong><\/em>, explic\u00f3 la pre-candidata del PJ en los micr\u00f3fonos de F.M VI\u00d1AS y agreg\u00f3 <em><strong>\u00abme gustar\u00eda que mi equipo de trabajo tenga el mismo compromiso, ayudar hasta al final a las personas y dejar las cosas a mitad de camino\u00bb.<\/strong><\/em><\/p>\n<h2>GRUPO NUEVO SUR<\/h2>\n<p>Katzer se encuentra acompa\u00f1ada por el Grupo Nuevo Sur. <em><strong>\u00abEs bueno que comiencen a identificarnos como un grupo que es profesional, de comerciantes, amigos y familia que queremos un Alvear diferente y con desarrollo productivo\u00bb<\/strong><\/em>, expres\u00f3.<\/p>\n<p><em><strong>\u00abMi idea es ser una candidata de los alvearenses, porque me lo han pedido. Mi trabajo ser\u00e1 para ellos\u00bb<\/strong><\/em>, remarc\u00f3.<\/p>\n","protected":false},"excerpt":{"rendered":"<p>\u00abCon gran emoci\u00f3n les comparto mi decisi\u00f3n para postularme como PRE-CANDIDATA a Intendente de General Alvear por el Partido Justicialista, en &#8230;<\/p>\n","protected":false},"author":7,"featured_media":120956,"comment_status":"open","ping_status":"open","sticky":false,"template":"","format":"standard","meta":{"footnotes":""},"categories":[5,7],"tags":[],"class_list":["post-120953","post","type-post","status-publish","format-standard","has-post-thumbnail","hentry","category-actualidad","category-politica"],"_links":{"self":[{"href":"https:\/\/vinasfm.com\/noticias\/wp-json\/wp\/v2\/posts\/120953","targetHints":{"allow":["GET"]}}],"collection":[{"href":"https:\/\/vinasfm.com\/noticias\/wp-json\/wp\/v2\/posts"}],"about":[{"href":"https:\/\/vinasfm.com\/noticias\/wp-json\/wp\/v2\/types\/post"}],"author":[{"embeddable":true,"href":"https:\/\/vinasfm.com\/noticias\/wp-json\/wp\/v2\/users\/7"}],"replies":[{"embeddable":true,"href":"https:\/\/vinasfm.com\/noticias\/wp-json\/wp\/v2\/comments?post=120953"}],"version-history":[{"count":3,"href":"https:\/\/vinasfm.com\/noticias\/wp-json\/wp\/v2\/posts\/120953\/revisions"}],"predecessor-version":[{"id":120999,"href":"https:\/\/vinasfm.com\/noticias\/wp-json\/wp\/v2\/posts\/120953\/revisions\/120999"}],"wp:featuredmedia":[{"embeddable":true,"href":"https:\/\/vinasfm.com\/noticias\/wp-json\/wp\/v2\/media\/120956"}],"wp:attachment":[{"href":"https:\/\/vinasfm.com\/noticias\/wp-json\/wp\/v2\/media?parent=120953"}],"wp:term":[{"taxonomy":"category","embeddable":true,"href":"https:\/\/vinasfm.com\/noticias\/wp-json\/wp\/v2\/categories?post=120953"},{"taxonomy":"post_tag","embeddable":true,"href":"https:\/\/vinasfm.com\/noticias\/wp-json\/wp\/v2\/tags?post=120953"}],"curies":[{"name":"wp","href":"https:\/\/api.w.org\/{rel}","templated":true}]}}