{"id":120937,"date":"2023-04-18T08:28:46","date_gmt":"2023-04-18T11:28:46","guid":{"rendered":"https:\/\/vinasfm.com\/noticias\/?p=120937"},"modified":"2023-04-18T10:26:49","modified_gmt":"2023-04-18T13:26:49","slug":"fue-un-exito-la-peatonal-en-tu-barrio-en-los-ranqueles","status":"publish","type":"post","link":"https:\/\/vinasfm.com\/noticias\/fue-un-exito-la-peatonal-en-tu-barrio-en-los-ranqueles\/","title":{"rendered":"FUE UN \u00c9XITO LA PEATONAL EN TU BARRIO EN LOS RANQUELES"},"content":{"rendered":"<div class=\"adn ads\" data-message-id=\"#msg-f:1763437107904029254\" data-legacy-message-id=\"1878fcb4e05ca246\">\n<div class=\"gs\">\n<div class=\"\">\n<div id=\":hh\" class=\"ii gt\">\n<div id=\":hi\" class=\"a3s aiL \">\n<div>\n<p><strong>Los vecinos vivieron una tarde noche de domingo diferente, con artesanos, food truck, danzas, pintura y m\u00fasica en vivo.<\/strong><\/p>\n<p>El Barrio Los Ranqueles fue remodelado, cuenta con una plaza con juegos para chicos, sal\u00f3n de usos m\u00faltiples, adoquinado de calles, cord\u00f3n cuneta, parquizado y forestaci\u00f3n, que cambi\u00f3 la vida a la gente, destac\u00f3 la Directora de Cultura Liana Piedrafita.<\/p>\n<p><a href=\"http:\/\/vinasfm.com\/noticias\/wp-content\/uploads\/2023\/04\/MG_9486.jpg\"><img loading=\"lazy\" decoding=\"async\" class=\"alignnone wp-image-120939\" src=\"http:\/\/vinasfm.com\/noticias\/wp-content\/uploads\/2023\/04\/MG_9486.jpg\" alt=\"\" width=\"365\" height=\"205\" srcset=\"https:\/\/vinasfm.com\/noticias\/wp-content\/uploads\/2023\/04\/MG_9486.jpg 1920w, https:\/\/vinasfm.com\/noticias\/wp-content\/uploads\/2023\/04\/MG_9486-300x169.jpg 300w, https:\/\/vinasfm.com\/noticias\/wp-content\/uploads\/2023\/04\/MG_9486-1024x576.jpg 1024w, https:\/\/vinasfm.com\/noticias\/wp-content\/uploads\/2023\/04\/MG_9486-768x432.jpg 768w, https:\/\/vinasfm.com\/noticias\/wp-content\/uploads\/2023\/04\/MG_9486-1536x864.jpg 1536w, https:\/\/vinasfm.com\/noticias\/wp-content\/uploads\/2023\/04\/MG_9486-750x420.jpg 750w, https:\/\/vinasfm.com\/noticias\/wp-content\/uploads\/2023\/04\/MG_9486-1140x641.jpg 1140w\" sizes=\"auto, (max-width: 365px) 100vw, 365px\" \/><\/a> <a href=\"http:\/\/vinasfm.com\/noticias\/wp-content\/uploads\/2023\/04\/MG_9405.jpg\"><img loading=\"lazy\" decoding=\"async\" class=\"alignnone wp-image-120940\" src=\"http:\/\/vinasfm.com\/noticias\/wp-content\/uploads\/2023\/04\/MG_9405.jpg\" alt=\"\" width=\"365\" height=\"205\" srcset=\"https:\/\/vinasfm.com\/noticias\/wp-content\/uploads\/2023\/04\/MG_9405.jpg 1920w, https:\/\/vinasfm.com\/noticias\/wp-content\/uploads\/2023\/04\/MG_9405-300x169.jpg 300w, https:\/\/vinasfm.com\/noticias\/wp-content\/uploads\/2023\/04\/MG_9405-1024x576.jpg 1024w, https:\/\/vinasfm.com\/noticias\/wp-content\/uploads\/2023\/04\/MG_9405-768x432.jpg 768w, https:\/\/vinasfm.com\/noticias\/wp-content\/uploads\/2023\/04\/MG_9405-1536x864.jpg 1536w, https:\/\/vinasfm.com\/noticias\/wp-content\/uploads\/2023\/04\/MG_9405-750x420.jpg 750w, https:\/\/vinasfm.com\/noticias\/wp-content\/uploads\/2023\/04\/MG_9405-1140x641.jpg 1140w\" sizes=\"auto, (max-width: 365px) 100vw, 365px\" \/><\/a><\/p>\n<p><em><strong>\u201cEstamos contentos con Peatonal en tu Barrio en Los Ranqueles, compartimos una tarde hermosa, invitamos a los artistas de la academia Newen que dirige Patricia Antunez. Hubo pintura en vivo de artista visual Flavia Varela, se present\u00f3 Ariel Crespillo y Agua Cristal, tambi\u00e9n hubo artesanos y food truck<\/strong><\/em>\u201d, detall\u00f3 la funcionaria y adelant\u00f3 que el pr\u00f3ximo fin de semana se har\u00e1 en el Barrio Costa del Atuel, tambi\u00e9n est\u00e1 en agenda La Marzolina.<\/p>\n<p><a href=\"http:\/\/vinasfm.com\/noticias\/wp-content\/uploads\/2023\/04\/MG_9453.jpg\"><img loading=\"lazy\" decoding=\"async\" class=\"alignnone wp-image-120941\" src=\"http:\/\/vinasfm.com\/noticias\/wp-content\/uploads\/2023\/04\/MG_9453.jpg\" alt=\"\" width=\"365\" height=\"205\" srcset=\"https:\/\/vinasfm.com\/noticias\/wp-content\/uploads\/2023\/04\/MG_9453.jpg 1920w, https:\/\/vinasfm.com\/noticias\/wp-content\/uploads\/2023\/04\/MG_9453-300x169.jpg 300w, https:\/\/vinasfm.com\/noticias\/wp-content\/uploads\/2023\/04\/MG_9453-1024x576.jpg 1024w, https:\/\/vinasfm.com\/noticias\/wp-content\/uploads\/2023\/04\/MG_9453-768x432.jpg 768w, https:\/\/vinasfm.com\/noticias\/wp-content\/uploads\/2023\/04\/MG_9453-1536x864.jpg 1536w, https:\/\/vinasfm.com\/noticias\/wp-content\/uploads\/2023\/04\/MG_9453-750x420.jpg 750w, https:\/\/vinasfm.com\/noticias\/wp-content\/uploads\/2023\/04\/MG_9453-1140x641.jpg 1140w\" sizes=\"auto, (max-width: 365px) 100vw, 365px\" \/><\/a> <a href=\"http:\/\/vinasfm.com\/noticias\/wp-content\/uploads\/2023\/04\/MG_9409.jpg\"><img loading=\"lazy\" decoding=\"async\" class=\"alignnone wp-image-120942\" src=\"http:\/\/vinasfm.com\/noticias\/wp-content\/uploads\/2023\/04\/MG_9409.jpg\" alt=\"\" width=\"365\" height=\"205\" srcset=\"https:\/\/vinasfm.com\/noticias\/wp-content\/uploads\/2023\/04\/MG_9409.jpg 1920w, https:\/\/vinasfm.com\/noticias\/wp-content\/uploads\/2023\/04\/MG_9409-300x169.jpg 300w, https:\/\/vinasfm.com\/noticias\/wp-content\/uploads\/2023\/04\/MG_9409-1024x576.jpg 1024w, https:\/\/vinasfm.com\/noticias\/wp-content\/uploads\/2023\/04\/MG_9409-768x432.jpg 768w, https:\/\/vinasfm.com\/noticias\/wp-content\/uploads\/2023\/04\/MG_9409-1536x864.jpg 1536w, https:\/\/vinasfm.com\/noticias\/wp-content\/uploads\/2023\/04\/MG_9409-750x420.jpg 750w, https:\/\/vinasfm.com\/noticias\/wp-content\/uploads\/2023\/04\/MG_9409-1140x641.jpg 1140w\" sizes=\"auto, (max-width: 365px) 100vw, 365px\" \/><\/a><\/p>\n<p>Por su parte, una vecina, Mar\u00eda expres\u00f3: <strong><em>\u201cme gust\u00f3 mucho el evento, soy amiga de muchos vecinos del Barrio, es para destacar la buena actitud de haber propuesto este tipo de fiestas populares, que se debieran hacer en todos los barrios de la zona para vivir un domingo diferente\u201d.<\/em><\/strong> Nora dijo: <strong><em>\u201ces hermoso lo que han hecho ac\u00e1, ojal\u00e1 que lo sigan haciendo, que se organice m\u00e1s seguido este tipo de eventos en nuestro Barrio\u201d.<\/em><\/strong><\/p>\n<\/div>\n<\/div>\n<\/div>\n<\/div>\n<\/div>\n<\/div>\n<div class=\"gA gt acV\">\n<div class=\"gB xu\">\n<div class=\"ip iq\"><\/div>\n<\/div>\n<\/div>\n","protected":false},"excerpt":{"rendered":"<p>Los vecinos vivieron una tarde noche de domingo diferente, con artesanos, food truck, danzas, pintura y m\u00fasica en vivo. El Barrio &#8230;<\/p>\n","protected":false},"author":7,"featured_media":120938,"comment_status":"open","ping_status":"open","sticky":false,"template":"","format":"standard","meta":{"footnotes":""},"categories":[5,11],"tags":[],"class_list":["post-120937","post","type-post","status-publish","format-standard","has-post-thumbnail","hentry","category-actualidad","category-sociales"],"_links":{"self":[{"href":"https:\/\/vinasfm.com\/noticias\/wp-json\/wp\/v2\/posts\/120937","targetHints":{"allow":["GET"]}}],"collection":[{"href":"https:\/\/vinasfm.com\/noticias\/wp-json\/wp\/v2\/posts"}],"about":[{"href":"https:\/\/vinasfm.com\/noticias\/wp-json\/wp\/v2\/types\/post"}],"author":[{"embeddable":true,"href":"https:\/\/vinasfm.com\/noticias\/wp-json\/wp\/v2\/users\/7"}],"replies":[{"embeddable":true,"href":"https:\/\/vinasfm.com\/noticias\/wp-json\/wp\/v2\/comments?post=120937"}],"version-history":[{"count":1,"href":"https:\/\/vinasfm.com\/noticias\/wp-json\/wp\/v2\/posts\/120937\/revisions"}],"predecessor-version":[{"id":120943,"href":"https:\/\/vinasfm.com\/noticias\/wp-json\/wp\/v2\/posts\/120937\/revisions\/120943"}],"wp:featuredmedia":[{"embeddable":true,"href":"https:\/\/vinasfm.com\/noticias\/wp-json\/wp\/v2\/media\/120938"}],"wp:attachment":[{"href":"https:\/\/vinasfm.com\/noticias\/wp-json\/wp\/v2\/media?parent=120937"}],"wp:term":[{"taxonomy":"category","embeddable":true,"href":"https:\/\/vinasfm.com\/noticias\/wp-json\/wp\/v2\/categories?post=120937"},{"taxonomy":"post_tag","embeddable":true,"href":"https:\/\/vinasfm.com\/noticias\/wp-json\/wp\/v2\/tags?post=120937"}],"curies":[{"name":"wp","href":"https:\/\/api.w.org\/{rel}","templated":true}]}}