{"id":120923,"date":"2023-04-17T11:59:28","date_gmt":"2023-04-17T14:59:28","guid":{"rendered":"https:\/\/vinasfm.com\/noticias\/?p=120923"},"modified":"2023-04-17T11:59:28","modified_gmt":"2023-04-17T14:59:28","slug":"defensa-civil-emitio-una-alerta-amarilla-por-probabilidad-de-viento-zonda","status":"publish","type":"post","link":"https:\/\/vinasfm.com\/noticias\/defensa-civil-emitio-una-alerta-amarilla-por-probabilidad-de-viento-zonda\/","title":{"rendered":"DEFENSA CIVIL EMITI\u00d3 UNA ALERTA AMARILLA POR PROBABILIDAD DE VIENTO ZONDA"},"content":{"rendered":"<p>Probabilidad de presencia de viento con efecto Zonda, por la tarde, afectando mayormente zonas de pre cordillera de Las Heras y Luj\u00e1n.<\/p>\n<p>Aproximaci\u00f3n de viento fr\u00edo, con probabilidad de precipitaciones en forma de lluvias, al extremo Este (La Paz, San Rafael y General Alvear). Circulaci\u00f3n de viento Sur moderado, desde la tarde en todo el territorio.<\/p>\n<h2>Recomendaciones para d\u00edas de zonda:<\/h2>\n<ul>\n<li>Asegur\u00e1 los elementos que puedan volarse.<\/li>\n<li>Mantenete alejado de los \u00e1rboles ya que la fuerza del viento podr\u00eda quebrar alguna de sus ramas.<\/li>\n<li>No estaciones tu veh\u00edculo bajo los \u00e1rboles.<\/li>\n<li>Manten\u00e9 cerrada tu casa de la manera m\u00e1s herm\u00e9tica posible.<\/li>\n<li>En caso de que vos o alguien m\u00e1s se vea afectado por este fen\u00f3meno, comunicate con los organismos de emergencias locales. Ten\u00e9 siempre lista una mochila de emergencias con linterna, radio, documentos y tel\u00e9fono<\/li>\n<\/ul>\n","protected":false},"excerpt":{"rendered":"<p>Probabilidad de presencia de viento con efecto Zonda, por la tarde, afectando mayormente zonas de pre cordillera de Las Heras y &#8230;<\/p>\n","protected":false},"author":7,"featured_media":120929,"comment_status":"open","ping_status":"open","sticky":false,"template":"","format":"standard","meta":{"footnotes":""},"categories":[1],"tags":[],"class_list":["post-120923","post","type-post","status-publish","format-standard","has-post-thumbnail","hentry","category-fmvinas"],"_links":{"self":[{"href":"https:\/\/vinasfm.com\/noticias\/wp-json\/wp\/v2\/posts\/120923","targetHints":{"allow":["GET"]}}],"collection":[{"href":"https:\/\/vinasfm.com\/noticias\/wp-json\/wp\/v2\/posts"}],"about":[{"href":"https:\/\/vinasfm.com\/noticias\/wp-json\/wp\/v2\/types\/post"}],"author":[{"embeddable":true,"href":"https:\/\/vinasfm.com\/noticias\/wp-json\/wp\/v2\/users\/7"}],"replies":[{"embeddable":true,"href":"https:\/\/vinasfm.com\/noticias\/wp-json\/wp\/v2\/comments?post=120923"}],"version-history":[{"count":1,"href":"https:\/\/vinasfm.com\/noticias\/wp-json\/wp\/v2\/posts\/120923\/revisions"}],"predecessor-version":[{"id":120930,"href":"https:\/\/vinasfm.com\/noticias\/wp-json\/wp\/v2\/posts\/120923\/revisions\/120930"}],"wp:featuredmedia":[{"embeddable":true,"href":"https:\/\/vinasfm.com\/noticias\/wp-json\/wp\/v2\/media\/120929"}],"wp:attachment":[{"href":"https:\/\/vinasfm.com\/noticias\/wp-json\/wp\/v2\/media?parent=120923"}],"wp:term":[{"taxonomy":"category","embeddable":true,"href":"https:\/\/vinasfm.com\/noticias\/wp-json\/wp\/v2\/categories?post=120923"},{"taxonomy":"post_tag","embeddable":true,"href":"https:\/\/vinasfm.com\/noticias\/wp-json\/wp\/v2\/tags?post=120923"}],"curies":[{"name":"wp","href":"https:\/\/api.w.org\/{rel}","templated":true}]}}