{"id":120913,"date":"2023-04-16T18:34:07","date_gmt":"2023-04-16T21:34:07","guid":{"rendered":"https:\/\/vinasfm.com\/noticias\/?p=120913"},"modified":"2023-04-17T10:41:06","modified_gmt":"2023-04-17T13:41:06","slug":"la-inflacion-en-mendoza-se-disparo-en-marzo-llego-83","status":"publish","type":"post","link":"https:\/\/vinasfm.com\/noticias\/la-inflacion-en-mendoza-se-disparo-en-marzo-llego-83\/","title":{"rendered":"LA INFLACI\u00d3N EN MENDOZA SE DISPAR\u00d3: EN MARZO LLEG\u00d3 8,3%"},"content":{"rendered":"<p><strong>La Direcci\u00f3n de Estad\u00edsticas e Investigaci\u00f3n Econ\u00f3mica de la provincia public\u00f3 el \u00cdndice de Precios al Consumidor.<\/strong><\/p>\n<p>El\u00a0<strong>\u00cdndice de Precios al Consumidor<\/strong>\u00a0(IPC) para el\u00a0<strong>Gran<\/strong>\u00a0<strong>Mendoza<\/strong>\u00a0registr\u00f3 en\u00a0<strong>marzo un incremento del 8,3%<\/strong> con relaci\u00f3n a febrero, de acuerdo con el informe que public\u00f3 la Direcci\u00f3n de Estad\u00edsticas e Investigaci\u00f3n Econ\u00f3mica de la provincia.<\/p>\n<p>De esta manera,\u00a0<strong>la\u00a0inflaci\u00f3n\u00a0acumulada en el primer trimestre es del 20,9%, mientras que la interanual lleg\u00f3 al 104,9%.<\/strong><\/p>\n<p>Los rubros que m\u00e1s incremento sufrieron en marzo fueron Alimentos y bebidas (10,9%), Esparcimiento (9,1%), Indumentaria (7,6) y Transportes y comunicaciones (6,8).<\/p>\n<p>En cuanto a la inflaci\u00f3n acumulada anual por rubro, la mayor\u00eda qued\u00f3 arriba del 15%. Alimentos y bebidas (28,2%), Otros bienes y servicios (23,7%), Esparcimiento (21,7%), Transporte y comunicaciones (19,3%), Equipamiento y mantenimiento del hogar (18,3%), Viviendas y servicios b\u00e1sicos (17,2%), Atenci\u00f3n m\u00e9dica y gastos para la salud (16,2%), indumentaria (10,3%) y Educaci\u00f3n (6,4%).<\/p>\n<div class=\"newspack_global_ad sidebar_article-2 fixed-height\">\n<div id=\"div-gpt-ad-0f8be909e3-0\" data-google-query-id=\"CPXEh72Esf4CFU0euQYdnyEOhQ\"><\/div>\n<\/div>\n","protected":false},"excerpt":{"rendered":"<p>La Direcci\u00f3n de Estad\u00edsticas e Investigaci\u00f3n Econ\u00f3mica de la provincia public\u00f3 el \u00cdndice de Precios al Consumidor. El\u00a0\u00cdndice de Precios al &#8230;<\/p>\n","protected":false},"author":7,"featured_media":16998,"comment_status":"open","ping_status":"open","sticky":false,"template":"","format":"standard","meta":{"footnotes":""},"categories":[5,10],"tags":[],"class_list":["post-120913","post","type-post","status-publish","format-standard","has-post-thumbnail","hentry","category-actualidad","category-destacadas"],"_links":{"self":[{"href":"https:\/\/vinasfm.com\/noticias\/wp-json\/wp\/v2\/posts\/120913","targetHints":{"allow":["GET"]}}],"collection":[{"href":"https:\/\/vinasfm.com\/noticias\/wp-json\/wp\/v2\/posts"}],"about":[{"href":"https:\/\/vinasfm.com\/noticias\/wp-json\/wp\/v2\/types\/post"}],"author":[{"embeddable":true,"href":"https:\/\/vinasfm.com\/noticias\/wp-json\/wp\/v2\/users\/7"}],"replies":[{"embeddable":true,"href":"https:\/\/vinasfm.com\/noticias\/wp-json\/wp\/v2\/comments?post=120913"}],"version-history":[{"count":1,"href":"https:\/\/vinasfm.com\/noticias\/wp-json\/wp\/v2\/posts\/120913\/revisions"}],"predecessor-version":[{"id":120914,"href":"https:\/\/vinasfm.com\/noticias\/wp-json\/wp\/v2\/posts\/120913\/revisions\/120914"}],"wp:featuredmedia":[{"embeddable":true,"href":"https:\/\/vinasfm.com\/noticias\/wp-json\/wp\/v2\/media\/16998"}],"wp:attachment":[{"href":"https:\/\/vinasfm.com\/noticias\/wp-json\/wp\/v2\/media?parent=120913"}],"wp:term":[{"taxonomy":"category","embeddable":true,"href":"https:\/\/vinasfm.com\/noticias\/wp-json\/wp\/v2\/categories?post=120913"},{"taxonomy":"post_tag","embeddable":true,"href":"https:\/\/vinasfm.com\/noticias\/wp-json\/wp\/v2\/tags?post=120913"}],"curies":[{"name":"wp","href":"https:\/\/api.w.org\/{rel}","templated":true}]}}