{"id":120907,"date":"2023-04-17T10:20:53","date_gmt":"2023-04-17T13:20:53","guid":{"rendered":"https:\/\/vinasfm.com\/noticias\/?p=120907"},"modified":"2023-04-18T08:29:53","modified_gmt":"2023-04-18T11:29:53","slug":"mendoza-asistira-con-38-000-por-hectarea-a-productores-afectados-por-el-granizo-y-las-heladas","status":"publish","type":"post","link":"https:\/\/vinasfm.com\/noticias\/mendoza-asistira-con-38-000-por-hectarea-a-productores-afectados-por-el-granizo-y-las-heladas\/","title":{"rendered":"MENDOZA ASISTIR\u00c1 CON $38.000 POR HECT\u00c1REA A PRODUCTORES AFECTADOS POR EL GRANIZO Y LAS HELADAS"},"content":{"rendered":"<h4>La provincia cre\u00f3 el Programa Producir, cuyas asistencias econ\u00f3micas se adicionar\u00e1n al establecido por el Fondo Compensador Agr\u00edcola. Detalles y condiciones para conseguir el apoyo<\/h4>\n<p>El Gobierno de\u00a0<strong>Mendoza cre\u00f3 el Programa Producir<\/strong>, que tendr\u00e1 por finalidad\u00a0<strong>asistir a los productores agr\u00edcolas de vid y frutales afectados por las contingencias clim\u00e1ticas<\/strong>\u00a0que dieron lugar a la Declaraci\u00f3n de Estado de\u00a0<a href=\"https:\/\/www.diariouno.com.ar\/politica\/el-gobierno-amplio-la-emergencia-agropecuaria-y-oficializo-la-asistencia-2000-millones-productores-n1076711\" target=\"_blank\" rel=\"follow noopener\"><strong>Emergencia y Desastre Agropecuario<\/strong><\/a>.<\/p>\n<p>Los productores con superficies de\u00a0<strong>hasta 20 hect\u00e1reas<\/strong>\u00a0y cuyas propiedades hayan sufrido da\u00f1os del 100% en sus cultivos recibir\u00e1n\u00a0<strong>$38.000 de asistencia por hect\u00e1rea<\/strong>. Este monto se adiciona al establecido por el\u00a0<strong>Fondo Compensador Agr\u00edcola<\/strong>.<\/p>\n<p>Mientras que el programa destinar\u00e1\u00a0<strong>$29.800<\/strong>, tambi\u00e9n por hect\u00e1rea con da\u00f1o constatado hasta el 100%, a productores afectados con propiedades\u00a0<strong>mayores a 20 hect\u00e1reas<\/strong>.<\/p>\n<h2>La decisi\u00f3n se public\u00f3 en el Bolet\u00edn Oficial<\/h2>\n<p>El decreto 648, firmado por el gobernador\u00a0<strong>Rodolfo Suarez<\/strong>\u00a0y el ministro<strong>\u00a0Enrique Vaqui\u00e9<\/strong>, explica que se trata de un \u00abplan de fomento y\u00a0<strong>apoyo econ\u00f3mico<\/strong>\u00a0destinado a mitigar los siniestros por\u00a0<strong>granizo y\/o heladas<\/strong>\u00a0que hayan sufrido los productores agr\u00edcolas, inscriptos en el\u00a0<strong>Registro Permanente del Uso de la Tierra (RUT)<\/strong>\u00a0de la Provincia de Mendoza\u00bb.<\/p>\n<p>Desde el Gobierno estiman que el da\u00f1o por heladas y granizo asciende a\u00a0<strong>11.741 hect\u00e1reas afectadas<\/strong>.<\/p>\n<p>Se autoriza a otorgar los beneficio a productores agr\u00edcolas de hasta 20 hect\u00e1reas que hayan adherido al\u00a0<strong>Fondo Compensador Agr\u00edcola<\/strong>\u00a0y que adeuden cuotas.<\/p>\n<p>El mes pasado tambi\u00e9n el Ministerio de Econom\u00eda de la Naci\u00f3n declar\u00f3 tanto el\u00a0<strong>estado de emergencia agropecuaria<\/strong>\u00a0como el de\u00a0<strong>desastre agropecuario<\/strong>\u00a0en explotaciones afectadas por la sequ\u00eda en la provincia de Mendoza.\u00a0<a href=\"https:\/\/www.diariouno.com.ar\/economia\/por-la-sequia-la-nacion-declaro-la-emergencia-y-el-desastre-agropecuario-mendoza-n1085573\" target=\"_blank\" rel=\"follow noopener\">La declaraci\u00f3n se extiende desde el 1\u00ba de abril de 2022 y hasta el 31 de marzo de 2024 a las explotaciones ganaderas caprinas, bovinas, equinas, ovinas y ap\u00edcolas del territorio mendocino<\/a><strong>.<\/strong><\/p>\n<div class=\"AV628be11f1759070b186149c8\">\n<div id=\"aniBox\">\n<div id=\"aniplayer_AV628be11f1759070b186149c8-1681737152808\">\n<div id=\"aniplayer_AV628be11f1759070b186149c8-1681737152808gui\">\n<div id=\"av-caption\">\n<div id=\"av-close-btn-overlay\" class=\"av-pos-top-left\">\n<div id=\"av-close-btn\"><\/div>\n<\/div>\n<\/div>\n<\/div>\n<\/div>\n<\/div>\n<\/div>\n","protected":false},"excerpt":{"rendered":"<p>La provincia cre\u00f3 el Programa Producir, cuyas asistencias econ\u00f3micas se adicionar\u00e1n al establecido por el Fondo Compensador Agr\u00edcola. Detalles y condiciones &#8230;<\/p>\n","protected":false},"author":7,"featured_media":120908,"comment_status":"open","ping_status":"open","sticky":false,"template":"","format":"standard","meta":{"footnotes":""},"categories":[5,10],"tags":[],"class_list":["post-120907","post","type-post","status-publish","format-standard","has-post-thumbnail","hentry","category-actualidad","category-destacadas"],"_links":{"self":[{"href":"https:\/\/vinasfm.com\/noticias\/wp-json\/wp\/v2\/posts\/120907","targetHints":{"allow":["GET"]}}],"collection":[{"href":"https:\/\/vinasfm.com\/noticias\/wp-json\/wp\/v2\/posts"}],"about":[{"href":"https:\/\/vinasfm.com\/noticias\/wp-json\/wp\/v2\/types\/post"}],"author":[{"embeddable":true,"href":"https:\/\/vinasfm.com\/noticias\/wp-json\/wp\/v2\/users\/7"}],"replies":[{"embeddable":true,"href":"https:\/\/vinasfm.com\/noticias\/wp-json\/wp\/v2\/comments?post=120907"}],"version-history":[{"count":1,"href":"https:\/\/vinasfm.com\/noticias\/wp-json\/wp\/v2\/posts\/120907\/revisions"}],"predecessor-version":[{"id":120910,"href":"https:\/\/vinasfm.com\/noticias\/wp-json\/wp\/v2\/posts\/120907\/revisions\/120910"}],"wp:featuredmedia":[{"embeddable":true,"href":"https:\/\/vinasfm.com\/noticias\/wp-json\/wp\/v2\/media\/120908"}],"wp:attachment":[{"href":"https:\/\/vinasfm.com\/noticias\/wp-json\/wp\/v2\/media?parent=120907"}],"wp:term":[{"taxonomy":"category","embeddable":true,"href":"https:\/\/vinasfm.com\/noticias\/wp-json\/wp\/v2\/categories?post=120907"},{"taxonomy":"post_tag","embeddable":true,"href":"https:\/\/vinasfm.com\/noticias\/wp-json\/wp\/v2\/tags?post=120907"}],"curies":[{"name":"wp","href":"https:\/\/api.w.org\/{rel}","templated":true}]}}