{"id":120888,"date":"2023-04-17T09:20:12","date_gmt":"2023-04-17T12:20:12","guid":{"rendered":"https:\/\/vinasfm.com\/noticias\/?p=120888"},"modified":"2023-04-17T11:50:57","modified_gmt":"2023-04-17T14:50:57","slug":"no-paran-los-robos-en-el-departamento-se-llevaron-una-bateria","status":"publish","type":"post","link":"https:\/\/vinasfm.com\/noticias\/no-paran-los-robos-en-el-departamento-se-llevaron-una-bateria\/","title":{"rendered":"NO PARAN LOS ROBOS EN EL DEPARTAMENTO, SE LLEVARON UNA BATER\u00cdA"},"content":{"rendered":"<p>Siguen los robos en la ciudad esta vez, esta vez la victima fue el propietario de un veh\u00edculo<\/p>\n<p><strong>ROBO<\/strong><\/p>\n<p>El d\u00eda s\u00e1bado en hora de la tarde se recepciona denuncia en Comisar\u00eda 14ta, la v\u00edctima la que da cuenta que dej\u00f3 estacionado en la v\u00eda p\u00fablica, Diagonal Jorge Sim\u00f3n y Alem, su veh\u00edculo, al salir 18:30 aproximadamente constata que personas desconocidas previo abrir el capot le hab\u00edan sustra\u00eddo la bater\u00eda.<\/p>\n","protected":false},"excerpt":{"rendered":"<p>Siguen los robos en la ciudad esta vez, esta vez la victima fue el propietario de un veh\u00edculo ROBO El d\u00eda &#8230;<\/p>\n","protected":false},"author":7,"featured_media":33023,"comment_status":"open","ping_status":"open","sticky":false,"template":"","format":"standard","meta":{"footnotes":""},"categories":[5,10],"tags":[],"class_list":["post-120888","post","type-post","status-publish","format-standard","has-post-thumbnail","hentry","category-actualidad","category-destacadas"],"_links":{"self":[{"href":"https:\/\/vinasfm.com\/noticias\/wp-json\/wp\/v2\/posts\/120888","targetHints":{"allow":["GET"]}}],"collection":[{"href":"https:\/\/vinasfm.com\/noticias\/wp-json\/wp\/v2\/posts"}],"about":[{"href":"https:\/\/vinasfm.com\/noticias\/wp-json\/wp\/v2\/types\/post"}],"author":[{"embeddable":true,"href":"https:\/\/vinasfm.com\/noticias\/wp-json\/wp\/v2\/users\/7"}],"replies":[{"embeddable":true,"href":"https:\/\/vinasfm.com\/noticias\/wp-json\/wp\/v2\/comments?post=120888"}],"version-history":[{"count":1,"href":"https:\/\/vinasfm.com\/noticias\/wp-json\/wp\/v2\/posts\/120888\/revisions"}],"predecessor-version":[{"id":120896,"href":"https:\/\/vinasfm.com\/noticias\/wp-json\/wp\/v2\/posts\/120888\/revisions\/120896"}],"wp:featuredmedia":[{"embeddable":true,"href":"https:\/\/vinasfm.com\/noticias\/wp-json\/wp\/v2\/media\/33023"}],"wp:attachment":[{"href":"https:\/\/vinasfm.com\/noticias\/wp-json\/wp\/v2\/media?parent=120888"}],"wp:term":[{"taxonomy":"category","embeddable":true,"href":"https:\/\/vinasfm.com\/noticias\/wp-json\/wp\/v2\/categories?post=120888"},{"taxonomy":"post_tag","embeddable":true,"href":"https:\/\/vinasfm.com\/noticias\/wp-json\/wp\/v2\/tags?post=120888"}],"curies":[{"name":"wp","href":"https:\/\/api.w.org\/{rel}","templated":true}]}}