{"id":120874,"date":"2023-04-17T08:06:08","date_gmt":"2023-04-17T11:06:08","guid":{"rendered":"https:\/\/vinasfm.com\/noticias\/?p=120874"},"modified":"2023-04-17T09:23:55","modified_gmt":"2023-04-17T12:23:55","slug":"comienza-el-pago-del-seguro-agricola","status":"publish","type":"post","link":"https:\/\/vinasfm.com\/noticias\/comienza-el-pago-del-seguro-agricola\/","title":{"rendered":"COMIENZA EL PAGO DEL SEGURO AGR\u00cdCOLA"},"content":{"rendered":"<div class=\"adn ads\" data-message-id=\"#msg-f:1763193623995351782\" data-legacy-message-id=\"18781f425c7a02e6\">\n<div class=\"gs\">\n<div class=\"\">\n<div id=\":i3\" class=\"ii gt\">\n<div id=\":i2\" class=\"a3s aiL \">\n<div>\n<p><strong>El Ing. Leandro Silvestre de la Direcci\u00f3n de Agricultura inform\u00f3 que la semana pr\u00f3xima los productores podr\u00e1n contar con el beneficio del Fondo Compensador Agr\u00edcola.<\/strong><\/p>\n<p>A partir de la semana que viene inician las transferencias correspondientes al fondo compensador agr\u00edcola, para esto cada productor debe cargar datos y CBU en la p\u00e1gina web de contingencias clim\u00e1ticas, para recibir esta compensaci\u00f3n,\u00a0<a href=\"https:\/\/docs.google.com\/forms\/d\/e\/1FAIpQLScOAwLgVz3jyx2BHJuHNuD2iI0QQ8KcSQtq_DX1ynDWheBXVA\/viewform\" target=\"_blank\" rel=\"noopener\" data-saferedirecturl=\"https:\/\/www.google.com\/url?q=https:\/\/docs.google.com\/forms\/d\/e\/1FAIpQLScOAwLgVz3jyx2BHJuHNuD2iI0QQ8KcSQtq_DX1ynDWheBXVA\/viewform&amp;source=gmail&amp;ust=1681815753863000&amp;usg=AOvVaw1mh1t89s9twHdjpAGsoPNu\">https:\/\/docs.google.com\/forms\/<wbr \/>d\/e\/<wbr \/>1FAIpQLScOAwLgVz3jyx2BHJuHNuD2<wbr \/>iI0QQ8KcSQtq_DX1ynDWheBXVA\/<wbr \/>viewform<\/a><\/p>\n<p><strong><em>\u201cNo hay fecha l\u00edmite, en toda la Provincia son alrededor de 5000 CBU que se deben cargar, actualmente, hay alrededor de 1800 cargados de forma correcta. Est\u00e1n a disposici\u00f3n las oficinas de contingencias clim\u00e1ticas y de agricultura municipal para colaborar en la carga de datos\u201d<\/em><\/strong>, asegur\u00f3 el Ingeniero.<\/p>\n<p>Es para destacar que aquellos productores, de hasta veinte hect\u00e1reas, que han podido adherir al fondo compensador, que iban a recibir <strong>$72.000<\/strong> por hect\u00e1rea, en caso de p\u00e9rdidas totales por granizo o heladas, ese valor se elev\u00f3 a<strong> $110.000<\/strong> por hect\u00e1rea y aquellos productores que no han podido adherir tambi\u00e9n van a recibir un beneficio de <strong>$38.000<\/strong> por hect\u00e1rea, con 100% de da\u00f1o, dado que el monto ser\u00e1 proporcional al porcentaje de da\u00f1o que posean. Ellos tambi\u00e9n van a tener que cargar su CBU en la web de contingencias clim\u00e1ticas. Por lo tanto, la semana pr\u00f3xima, quienes est\u00e9n en condiciones, con los datos cargados, van a comenzar a recibir su compensaci\u00f3n de da\u00f1o.<\/p>\n<div class=\"yj6qo\"><\/div>\n<div class=\"adL\"><\/div>\n<\/div>\n<div class=\"adL\"><\/div>\n<\/div>\n<\/div>\n<div class=\"hi\"><\/div>\n<\/div>\n<\/div>\n<div class=\"ajx\"><\/div>\n<\/div>\n<div class=\"gA gt acV\">\n<div class=\"gB xu\">\n<div class=\"ip iq\"><\/div>\n<\/div>\n<\/div>\n","protected":false},"excerpt":{"rendered":"<p>El Ing. Leandro Silvestre de la Direcci\u00f3n de Agricultura inform\u00f3 que la semana pr\u00f3xima los productores podr\u00e1n contar con el beneficio &#8230;<\/p>\n","protected":false},"author":7,"featured_media":120875,"comment_status":"open","ping_status":"open","sticky":false,"template":"","format":"standard","meta":{"footnotes":""},"categories":[5,14],"tags":[],"class_list":["post-120874","post","type-post","status-publish","format-standard","has-post-thumbnail","hentry","category-actualidad","category-agro"],"_links":{"self":[{"href":"https:\/\/vinasfm.com\/noticias\/wp-json\/wp\/v2\/posts\/120874","targetHints":{"allow":["GET"]}}],"collection":[{"href":"https:\/\/vinasfm.com\/noticias\/wp-json\/wp\/v2\/posts"}],"about":[{"href":"https:\/\/vinasfm.com\/noticias\/wp-json\/wp\/v2\/types\/post"}],"author":[{"embeddable":true,"href":"https:\/\/vinasfm.com\/noticias\/wp-json\/wp\/v2\/users\/7"}],"replies":[{"embeddable":true,"href":"https:\/\/vinasfm.com\/noticias\/wp-json\/wp\/v2\/comments?post=120874"}],"version-history":[{"count":1,"href":"https:\/\/vinasfm.com\/noticias\/wp-json\/wp\/v2\/posts\/120874\/revisions"}],"predecessor-version":[{"id":120876,"href":"https:\/\/vinasfm.com\/noticias\/wp-json\/wp\/v2\/posts\/120874\/revisions\/120876"}],"wp:featuredmedia":[{"embeddable":true,"href":"https:\/\/vinasfm.com\/noticias\/wp-json\/wp\/v2\/media\/120875"}],"wp:attachment":[{"href":"https:\/\/vinasfm.com\/noticias\/wp-json\/wp\/v2\/media?parent=120874"}],"wp:term":[{"taxonomy":"category","embeddable":true,"href":"https:\/\/vinasfm.com\/noticias\/wp-json\/wp\/v2\/categories?post=120874"},{"taxonomy":"post_tag","embeddable":true,"href":"https:\/\/vinasfm.com\/noticias\/wp-json\/wp\/v2\/tags?post=120874"}],"curies":[{"name":"wp","href":"https:\/\/api.w.org\/{rel}","templated":true}]}}