{"id":120860,"date":"2023-04-16T21:52:07","date_gmt":"2023-04-17T00:52:07","guid":{"rendered":"https:\/\/vinasfm.com\/noticias\/?p=120860"},"modified":"2023-04-16T21:52:07","modified_gmt":"2023-04-17T00:52:07","slug":"continua-a-gran-ritmo-el-plan-de-asfaltado","status":"publish","type":"post","link":"https:\/\/vinasfm.com\/noticias\/continua-a-gran-ritmo-el-plan-de-asfaltado\/","title":{"rendered":"CONTIN\u00daA A GRAN RITMO EL PLAN DE ASFALTADO"},"content":{"rendered":"<p><strong>El pasado viernes se realiz\u00f3 el riego de imprimaci\u00f3n asf\u00e1ltica en el Barrio 1\u00b0 de Mayo para el posterior nuevo asfalto definitivo.\u00a0<\/strong><\/p>\n<p><strong><em>\u00abEstamos trabajando desde el jueves en la imprimaci\u00f3n de la Avenida Albox, en el barrio 1\u00b0 de Mayo\u00bb<\/em><\/strong> mencion\u00f3 el director de obras p\u00fablicas, Federico Pio y estim\u00f3 que a finales de esta semana estar\u00edamos trabajando con el concreto asfaltico. La tarea se replicar\u00e1 en calles Estanislao Salas, entre \u00ab25 de Mayo\u00bb y \u00abMendoza\u00bb, en donde se realiz\u00f3 la imprimaci\u00f3n hace un mes.<\/p>\n<p><strong><em>\u00abEstos trabajos forman parte de un remanente que quedaba de la licitaci\u00f3n anterior\u00bb<\/em><\/strong>, explic\u00f3 Pio y detall\u00f3 que <strong><em>\u00abla licitaci\u00f3n 2023 incluye los barrios Di Paolo y Montes de Oca, en donde ya se est\u00e1 trabajando\u00bb.<\/em><\/strong> Adem\u00e1s coment\u00f3 que en un principio <em><strong>\u00abse pensaba asfaltar solo las arterias principales pero en conjunto con el Sr. Intendente y el secretario Jorge P\u00e9rez, se decidi\u00f3 asfaltar la totalidad del barrio\u00bb.\u00a0<\/strong><\/em><\/p>\n<p><a href=\"http:\/\/vinasfm.com\/noticias\/wp-content\/uploads\/2023\/04\/WhatsApp-Image-2023-04-16-at-21.49.49-1.jpeg\"><img loading=\"lazy\" decoding=\"async\" class=\"alignnone wp-image-120863\" src=\"http:\/\/vinasfm.com\/noticias\/wp-content\/uploads\/2023\/04\/WhatsApp-Image-2023-04-16-at-21.49.49-1.jpeg\" alt=\"\" width=\"360\" height=\"240\" srcset=\"https:\/\/vinasfm.com\/noticias\/wp-content\/uploads\/2023\/04\/WhatsApp-Image-2023-04-16-at-21.49.49-1.jpeg 720w, https:\/\/vinasfm.com\/noticias\/wp-content\/uploads\/2023\/04\/WhatsApp-Image-2023-04-16-at-21.49.49-1-300x200.jpeg 300w\" sizes=\"auto, (max-width: 360px) 100vw, 360px\" \/><\/a> <a href=\"http:\/\/vinasfm.com\/noticias\/wp-content\/uploads\/2023\/04\/WhatsApp-Image-2023-04-16-at-21.49.49.jpeg\"><img loading=\"lazy\" decoding=\"async\" class=\"alignnone wp-image-120864\" src=\"http:\/\/vinasfm.com\/noticias\/wp-content\/uploads\/2023\/04\/WhatsApp-Image-2023-04-16-at-21.49.49.jpeg\" alt=\"\" width=\"360\" height=\"240\" srcset=\"https:\/\/vinasfm.com\/noticias\/wp-content\/uploads\/2023\/04\/WhatsApp-Image-2023-04-16-at-21.49.49.jpeg 720w, https:\/\/vinasfm.com\/noticias\/wp-content\/uploads\/2023\/04\/WhatsApp-Image-2023-04-16-at-21.49.49-300x200.jpeg 300w\" sizes=\"auto, (max-width: 360px) 100vw, 360px\" \/><\/a><\/p>\n<p>Como siempre, Pio se dirigi\u00f3 a la comuna y solicit\u00f3 paciencia y consideraci\u00f3n a los vecinos de las zonas en donde se est\u00e1 trabajando.<\/p>\n<h2>REMODELACI\u00d3N DE PLAZAS<\/h2>\n<p>Por otro lado, el director de obras p\u00fablicas se refiri\u00f3 a los trabajos de remodelaci\u00f3n de la plaza del Barrio San Carlos;<em><strong> \u00abla idea es mejorarla, por el momento la \u00fanica que se est\u00e1 interviniendo es la Plaza Padre Basilio de Bowen. Tambi\u00e9n se tiene pensada las plazas de los barrios El Nevado y El Cald\u00e9n\u00bb.\u00a0<\/strong><\/em><\/p>\n","protected":false},"excerpt":{"rendered":"<p>El pasado viernes se realiz\u00f3 el riego de imprimaci\u00f3n asf\u00e1ltica en el Barrio 1\u00b0 de Mayo para el posterior nuevo asfalto &#8230;<\/p>\n","protected":false},"author":7,"featured_media":120862,"comment_status":"open","ping_status":"open","sticky":false,"template":"","format":"standard","meta":{"footnotes":""},"categories":[1],"tags":[],"class_list":["post-120860","post","type-post","status-publish","format-standard","has-post-thumbnail","hentry","category-fmvinas"],"_links":{"self":[{"href":"https:\/\/vinasfm.com\/noticias\/wp-json\/wp\/v2\/posts\/120860","targetHints":{"allow":["GET"]}}],"collection":[{"href":"https:\/\/vinasfm.com\/noticias\/wp-json\/wp\/v2\/posts"}],"about":[{"href":"https:\/\/vinasfm.com\/noticias\/wp-json\/wp\/v2\/types\/post"}],"author":[{"embeddable":true,"href":"https:\/\/vinasfm.com\/noticias\/wp-json\/wp\/v2\/users\/7"}],"replies":[{"embeddable":true,"href":"https:\/\/vinasfm.com\/noticias\/wp-json\/wp\/v2\/comments?post=120860"}],"version-history":[{"count":1,"href":"https:\/\/vinasfm.com\/noticias\/wp-json\/wp\/v2\/posts\/120860\/revisions"}],"predecessor-version":[{"id":120865,"href":"https:\/\/vinasfm.com\/noticias\/wp-json\/wp\/v2\/posts\/120860\/revisions\/120865"}],"wp:featuredmedia":[{"embeddable":true,"href":"https:\/\/vinasfm.com\/noticias\/wp-json\/wp\/v2\/media\/120862"}],"wp:attachment":[{"href":"https:\/\/vinasfm.com\/noticias\/wp-json\/wp\/v2\/media?parent=120860"}],"wp:term":[{"taxonomy":"category","embeddable":true,"href":"https:\/\/vinasfm.com\/noticias\/wp-json\/wp\/v2\/categories?post=120860"},{"taxonomy":"post_tag","embeddable":true,"href":"https:\/\/vinasfm.com\/noticias\/wp-json\/wp\/v2\/tags?post=120860"}],"curies":[{"name":"wp","href":"https:\/\/api.w.org\/{rel}","templated":true}]}}