{"id":120856,"date":"2023-04-16T21:24:20","date_gmt":"2023-04-17T00:24:20","guid":{"rendered":"https:\/\/vinasfm.com\/noticias\/?p=120856"},"modified":"2023-04-16T21:24:20","modified_gmt":"2023-04-17T00:24:20","slug":"nuevamente-aumento-el-combustible","status":"publish","type":"post","link":"https:\/\/vinasfm.com\/noticias\/nuevamente-aumento-el-combustible\/","title":{"rendered":"NUEVAMENTE, AUMENT\u00d3 EL COMBUSTIBLE"},"content":{"rendered":"<p>La suba se encuadra en el acuerdo de Precios Justos que las petroleras firmaron con el Gobierno nacional.<\/p>\n<p>El\u00a0<strong>combustible<\/strong>\u00a0volvi\u00f3\u00a0<strong>aumentar<\/strong>, esta vez un 4%, en el marco del acuerdo que firmaron las empresas petroleras con el ministerio econom\u00eda por el programa\u00a0<strong>Precios Justos<\/strong>. Puma Energy fue la primera en modificar sus precios y luego acompa\u00f1aron el resto de las compa\u00f1\u00edas.<\/p>\n<p>De esta manera, en las YPF de la Ciudad de Mendoza, el precio del infinia diesel es de $276,60, en tanto la nafta s\u00faper e infinia se consigue a $186,10 y $233,80 respectivamente.<\/p>\n<p><em><strong>\u201cEntendemos que esto requiere esfuerzo de las empresas, el Estado ya est\u00e1 haciendo un esfuerzo de manera de contener los precios y anclar la expectativa inflacionaria para que esto no tenga un efecto en los precios y en el bolsillo de la gente\u201d<\/strong><\/em>, hab\u00eda se\u00f1alado al respecto, la secretaria de Energ\u00eda Flavia Royon.<\/p>\n<p>En tanto que el secretario de comercio, Mat\u00edas Tombolini, afirm\u00f3 que <strong><em>\u201cla firma de este acuerdo nos permite dar una se\u00f1al de previsibilidad a consumidores, usuarios y empresas y, adem\u00e1s, acompa\u00f1a la hoja de ruta establecida por el ministro Massa que nos impulsa a sostener el equilibrio fiscal y cuidar las reservas\u201d.<\/em><\/strong><\/p>\n<p>Por otra parte, los propietarios de estaciones de servicio expresaron su preocupaci\u00f3n por el acuerdo, ya que aseguran que provocar\u00e1 un desfaje que complicar\u00e1 el cumplimiento de los acuerdos salariales.<\/p>\n","protected":false},"excerpt":{"rendered":"<p>La suba se encuadra en el acuerdo de Precios Justos que las petroleras firmaron con el Gobierno nacional. El\u00a0combustible\u00a0volvi\u00f3\u00a0aumentar, esta vez &#8230;<\/p>\n","protected":false},"author":7,"featured_media":19024,"comment_status":"open","ping_status":"open","sticky":false,"template":"","format":"standard","meta":{"footnotes":""},"categories":[1],"tags":[],"class_list":["post-120856","post","type-post","status-publish","format-standard","has-post-thumbnail","hentry","category-fmvinas"],"_links":{"self":[{"href":"https:\/\/vinasfm.com\/noticias\/wp-json\/wp\/v2\/posts\/120856","targetHints":{"allow":["GET"]}}],"collection":[{"href":"https:\/\/vinasfm.com\/noticias\/wp-json\/wp\/v2\/posts"}],"about":[{"href":"https:\/\/vinasfm.com\/noticias\/wp-json\/wp\/v2\/types\/post"}],"author":[{"embeddable":true,"href":"https:\/\/vinasfm.com\/noticias\/wp-json\/wp\/v2\/users\/7"}],"replies":[{"embeddable":true,"href":"https:\/\/vinasfm.com\/noticias\/wp-json\/wp\/v2\/comments?post=120856"}],"version-history":[{"count":1,"href":"https:\/\/vinasfm.com\/noticias\/wp-json\/wp\/v2\/posts\/120856\/revisions"}],"predecessor-version":[{"id":120857,"href":"https:\/\/vinasfm.com\/noticias\/wp-json\/wp\/v2\/posts\/120856\/revisions\/120857"}],"wp:featuredmedia":[{"embeddable":true,"href":"https:\/\/vinasfm.com\/noticias\/wp-json\/wp\/v2\/media\/19024"}],"wp:attachment":[{"href":"https:\/\/vinasfm.com\/noticias\/wp-json\/wp\/v2\/media?parent=120856"}],"wp:term":[{"taxonomy":"category","embeddable":true,"href":"https:\/\/vinasfm.com\/noticias\/wp-json\/wp\/v2\/categories?post=120856"},{"taxonomy":"post_tag","embeddable":true,"href":"https:\/\/vinasfm.com\/noticias\/wp-json\/wp\/v2\/tags?post=120856"}],"curies":[{"name":"wp","href":"https:\/\/api.w.org\/{rel}","templated":true}]}}