{"id":120852,"date":"2023-04-17T09:52:01","date_gmt":"2023-04-17T12:52:01","guid":{"rendered":"https:\/\/vinasfm.com\/noticias\/?p=120852"},"modified":"2023-04-18T09:40:57","modified_gmt":"2023-04-18T12:40:57","slug":"gustavo-illanes-sobre-la-actualidad-del-pj-estamos-en-la-dificil-tarea-de-reconstruir-el-peronismo","status":"publish","type":"post","link":"https:\/\/vinasfm.com\/noticias\/gustavo-illanes-sobre-la-actualidad-del-pj-estamos-en-la-dificil-tarea-de-reconstruir-el-peronismo\/","title":{"rendered":"GUSTAVO YLLANES SOBRE LA ACTUALIDAD DEL PJ: \u00abESTAMOS EN LA DIFICIL TAREA DE RECONSTRUIR EL PERONISMO\u00bb"},"content":{"rendered":"<p><strong>Con el inicio de un nuevo a\u00f1o electoral, los distintos sectores pol\u00edticos se encienden a lo largo del pa\u00eds.\u00a0<\/strong><\/p>\n<p><em><strong>\u00abCon el Gobierno Nacional conducido por un sector pol\u00edtico distinto al Gobierno Provincial aparecen posturas como la que encarna Javier Milei, que est\u00e1 en contra de todo pero no tiene ninguna propuesta alternativa. Estas situaciones le afectan a la pol\u00edtica en general\u00bb, <\/strong><\/em>propuso el presidente del PJ, Gustavo Illanes.<\/p>\n<p>El nivel de violencia y de enojo crece, y el ambiente se enrarece ante situaciones como las se est\u00e1n viviendo. Gustavo asumi\u00f3 la presidencia del partido en diciembre del 2022. <strong><em>\u00abFue un gran desaf\u00edo entrar en el PJ, tiene que ver con lo que uno aspira en la pol\u00edtica\u00bb.\u00a0<\/em><\/strong><\/p>\n<p><strong><em>\u00abDesde el primer momento que asum\u00ed se planteo una cuesti\u00f3n que hablaba de legitimidad de nuestra funci\u00f3n en la presidencia del partido porque no se pudo llegar a concretar una interna; hab\u00edan dos posturas\u00bb <\/em><\/strong>desarroll\u00f3 Illanes y explic\u00f3 que <strong><em>\u00abuna de las listas que encabezaba se present\u00f3 con toda la documentaci\u00f3n y papeles, la otra lista no logro completar los papeles; eso hizo que quienes no hab\u00edan completado dicha documentaci\u00f3n cuestionaran en cierta forma no haber podido participar en esa interna\u00bb<\/em><\/strong> y aclar\u00f3 <em><strong>\u00abno fue una decisi\u00f3n nuestra si no legal, al otro d\u00eda que quedara la lista empezamos a llamar a los compa\u00f1eros para explicar como hab\u00eda sido la situaci\u00f3n para integrarlos\u00bb.<\/strong><\/em><\/p>\n<p><em><strong>\u00abEl justicialismo de Alvear tiene una gran atomizaci\u00f3n. Desde el poder tenemos herramientas para poder ordenar pero cuando eso no existe esta la persuasi\u00f3n mediante la palabra, por eso el liderazgo esta cambiando en el departamento\u00bb<\/strong><\/em>, remarc\u00f3.<\/p>\n<p><strong><em>\u00abEl consejo partidario actual esta en la dif\u00edcil tarea de reconstruir el peronismo sin perder a nadie, es una tarea dormida\u00bb<\/em><\/strong>, sostuvo y remarc\u00f3 <em><strong>\u00abtodos los d\u00edas salimos y visitamos a los militantes en todas partes y con esa tarea, que requiere un gran esfuerzo,. El nivel de conflictos en el partido ha desaparecido de a poco, se ha convertido en un lugar de debate no de conflictos\u00bb<\/strong><\/em><\/p>\n<p>&nbsp;<\/p>\n<p>&nbsp;<\/p>\n","protected":false},"excerpt":{"rendered":"<p>Con el inicio de un nuevo a\u00f1o electoral, los distintos sectores pol\u00edticos se encienden a lo largo del pa\u00eds.\u00a0 \u00abCon el &#8230;<\/p>\n","protected":false},"author":7,"featured_media":120901,"comment_status":"open","ping_status":"open","sticky":false,"template":"","format":"standard","meta":{"footnotes":""},"categories":[5,7],"tags":[],"class_list":["post-120852","post","type-post","status-publish","format-standard","has-post-thumbnail","hentry","category-actualidad","category-politica"],"_links":{"self":[{"href":"https:\/\/vinasfm.com\/noticias\/wp-json\/wp\/v2\/posts\/120852","targetHints":{"allow":["GET"]}}],"collection":[{"href":"https:\/\/vinasfm.com\/noticias\/wp-json\/wp\/v2\/posts"}],"about":[{"href":"https:\/\/vinasfm.com\/noticias\/wp-json\/wp\/v2\/types\/post"}],"author":[{"embeddable":true,"href":"https:\/\/vinasfm.com\/noticias\/wp-json\/wp\/v2\/users\/7"}],"replies":[{"embeddable":true,"href":"https:\/\/vinasfm.com\/noticias\/wp-json\/wp\/v2\/comments?post=120852"}],"version-history":[{"count":7,"href":"https:\/\/vinasfm.com\/noticias\/wp-json\/wp\/v2\/posts\/120852\/revisions"}],"predecessor-version":[{"id":120966,"href":"https:\/\/vinasfm.com\/noticias\/wp-json\/wp\/v2\/posts\/120852\/revisions\/120966"}],"wp:featuredmedia":[{"embeddable":true,"href":"https:\/\/vinasfm.com\/noticias\/wp-json\/wp\/v2\/media\/120901"}],"wp:attachment":[{"href":"https:\/\/vinasfm.com\/noticias\/wp-json\/wp\/v2\/media?parent=120852"}],"wp:term":[{"taxonomy":"category","embeddable":true,"href":"https:\/\/vinasfm.com\/noticias\/wp-json\/wp\/v2\/categories?post=120852"},{"taxonomy":"post_tag","embeddable":true,"href":"https:\/\/vinasfm.com\/noticias\/wp-json\/wp\/v2\/tags?post=120852"}],"curies":[{"name":"wp","href":"https:\/\/api.w.org\/{rel}","templated":true}]}}