{"id":120850,"date":"2023-04-17T08:45:33","date_gmt":"2023-04-17T11:45:33","guid":{"rendered":"https:\/\/vinasfm.com\/noticias\/?p=120850"},"modified":"2023-04-17T10:20:56","modified_gmt":"2023-04-17T13:20:56","slug":"el-director-de-deportes-jorge-paez-dio-detalles-sobre-la-actividad-deportiva-en-el-departamento","status":"publish","type":"post","link":"https:\/\/vinasfm.com\/noticias\/el-director-de-deportes-jorge-paez-dio-detalles-sobre-la-actividad-deportiva-en-el-departamento\/","title":{"rendered":"EL DIRECTOR DE DEPORTES JORGE P\u00c1EZ DIO DETALLES SOBRE LA ACTIVIDAD DEPORTIVA EN EL DEPARTAMENTO"},"content":{"rendered":"<p><strong>No paran las actividades deportivas en el departamento y eso es lo que se busca. \u00abSabemos que el deporte es el eje transversal a varias actividades econ\u00f3micas y tur\u00edsticas que pasan por el departamento\u00bb, expres\u00f3 el Director de Deportes, Jorge P\u00e1ez.<\/strong><\/p>\n<h2 class=\"post-title title title-large entry-title\">TORNEO NACIONAL DE CLUBES JUVENILES C DE HANDBALL<\/h2>\n<p>El torneo, que se realiz\u00f3 en Alvear, tuvo un balance muy positivo. <em><strong>\u00abMucha gente que llego a General Alvear se fue contenta, eso nos gratifica mucho porque busc\u00e1bamos eso, que el que sea parte de este torneo tanto activamente (como son los jugadores, entrenadores y cuerpo t\u00e9cnico) y tambi\u00e9n la gente que venia a ver se fuera con una buena imagen de Alvear\u00bb<\/strong><\/em>, Sostuvo P\u00e1ez y agreg\u00f3 <strong><em>\u00abse nos abri\u00f3 una puerta para realizar un torneo en octubre, seguramente vamos a ajustar algunas cosas, pero lo\u00a0 mejor del handball lo vamos a tener en Alvear\u00bb.<\/em><\/strong><\/p>\n<p><a href=\"http:\/\/vinasfm.com\/noticias\/wp-content\/uploads\/2023\/01\/sudamericano-de-handball-1-scaled.jpg\"><img loading=\"lazy\" decoding=\"async\" class=\"alignnone wp-image-118086\" src=\"http:\/\/vinasfm.com\/noticias\/wp-content\/uploads\/2023\/01\/sudamericano-de-handball-1-scaled.jpg\" alt=\"\" width=\"360\" height=\"240\" srcset=\"https:\/\/vinasfm.com\/noticias\/wp-content\/uploads\/2023\/01\/sudamericano-de-handball-1-scaled.jpg 2560w, https:\/\/vinasfm.com\/noticias\/wp-content\/uploads\/2023\/01\/sudamericano-de-handball-1-300x200.jpg 300w, https:\/\/vinasfm.com\/noticias\/wp-content\/uploads\/2023\/01\/sudamericano-de-handball-1-1024x683.jpg 1024w, https:\/\/vinasfm.com\/noticias\/wp-content\/uploads\/2023\/01\/sudamericano-de-handball-1-768x512.jpg 768w, https:\/\/vinasfm.com\/noticias\/wp-content\/uploads\/2023\/01\/sudamericano-de-handball-1-1536x1024.jpg 1536w, https:\/\/vinasfm.com\/noticias\/wp-content\/uploads\/2023\/01\/sudamericano-de-handball-1-2048x1365.jpg 2048w\" sizes=\"auto, (max-width: 360px) 100vw, 360px\" \/><\/a> <a href=\"http:\/\/vinasfm.com\/noticias\/wp-content\/uploads\/2023\/01\/sudamericano-de-handball-5-scaled.jpg\"><img loading=\"lazy\" decoding=\"async\" class=\"alignnone wp-image-118084\" src=\"http:\/\/vinasfm.com\/noticias\/wp-content\/uploads\/2023\/01\/sudamericano-de-handball-5-scaled.jpg\" alt=\"\" width=\"360\" height=\"240\" srcset=\"https:\/\/vinasfm.com\/noticias\/wp-content\/uploads\/2023\/01\/sudamericano-de-handball-5-scaled.jpg 2560w, https:\/\/vinasfm.com\/noticias\/wp-content\/uploads\/2023\/01\/sudamericano-de-handball-5-300x200.jpg 300w, https:\/\/vinasfm.com\/noticias\/wp-content\/uploads\/2023\/01\/sudamericano-de-handball-5-1024x683.jpg 1024w, https:\/\/vinasfm.com\/noticias\/wp-content\/uploads\/2023\/01\/sudamericano-de-handball-5-768x512.jpg 768w, https:\/\/vinasfm.com\/noticias\/wp-content\/uploads\/2023\/01\/sudamericano-de-handball-5-1536x1024.jpg 1536w, https:\/\/vinasfm.com\/noticias\/wp-content\/uploads\/2023\/01\/sudamericano-de-handball-5-2048x1365.jpg 2048w\" sizes=\"auto, (max-width: 360px) 100vw, 360px\" \/><\/a><\/p>\n<p>&nbsp;<\/p>\n<p>P\u00e1ez continu\u00f3 alagando el exitoso evento sin dejar atr\u00e1s la actividad que realizaron desde la Asesor\u00eda de Ni\u00f1ez, Adolescencia y Juventud, a cargo de Daniel Quiles. <em><strong>\u00abArmaron un escenario en el centro de la pista de atletismo donde hab\u00eda una pantalla con im\u00e1genes y se propuso un intercambio entre chicos que jugaban al truco, tomaban mates, donde los chicos de otra provincia pudieron compartir con los chicos de ac\u00e1\u00bb<\/strong><\/em>. Esta actividad se hizo de forma paralela al torneo.<\/p>\n<h2>ESCUELAS DEPORTIVAS MUNICIPALES<\/h2>\n<p>El mes pasado comenz\u00f3 el dictado de actividades en torno a las escuelas municipales. <em><strong>\u00abLargamos algo muy importante que es el hockey municipal, me enfoco un poco m\u00e1s en este deporte porque tenemos una gran cancha de hockey de c\u00e9sped sint\u00e9tico y faltaba esta escuela municipal. Hoy hemos logrado la escuela con una profesora capacitada\u00bb<\/strong><\/em>, explic\u00f3 el Director de Deportes.<\/p>\n<h2><strong>ACTIVIDADES EN EL POLIDEPORTIVO\u00a0<\/strong><\/h2>\n<p>Afortunadamente, nunca cesan las actividades en el polideportivo alvearense lo cual es de destacar. El predio no solo se utiliza para la actividad deportiva, sino que tambi\u00e9n es un lugar seguro porque los polic\u00edas est\u00e1n presentes gracias al curso de cadetes a cargo de Jose Colilaff.<\/p>\n<p><a href=\"http:\/\/vinasfm.com\/noticias\/wp-content\/uploads\/2021\/08\/IUSP-e1681731666202.jpg\"><img loading=\"lazy\" decoding=\"async\" class=\"wp-image-96593 aligncenter\" src=\"http:\/\/vinasfm.com\/noticias\/wp-content\/uploads\/2021\/08\/IUSP-e1681731666202.jpg\" alt=\"\" width=\"400\" height=\"235\" srcset=\"https:\/\/vinasfm.com\/noticias\/wp-content\/uploads\/2021\/08\/IUSP-e1681731666202.jpg 691w, https:\/\/vinasfm.com\/noticias\/wp-content\/uploads\/2021\/08\/IUSP-e1681731666202-300x176.jpg 300w\" sizes=\"auto, (max-width: 400px) 100vw, 400px\" \/><\/a><\/p>\n<p>Por ultimo, Jorge P\u00e1ez recod\u00f3 que \u00abGeneral Alvear es renombrado en la provincia por la calidez que tienen los profesores, chicos y el deporte en si\u00bb. Las escuelas deportivas no solo se concentran en el poli, <strong><em>\u00aben los distritos y barrios tambi\u00e9n llegamos con profesores de la Direcci\u00f3n de Deportes el nombre de este programa es &#8216;Escuela de Formaci\u00f3n Deportiva&#8217; formamos ni\u00f1os a partir del deporte no solo nos basamos en un solo deporte si no damos un abanic\u00f3 de opciones\u00bb<\/em><\/strong>, concluy\u00f3.<\/p>\n<p>&nbsp;<\/p>\n","protected":false},"excerpt":{"rendered":"<p>No paran las actividades deportivas en el departamento y eso es lo que se busca. \u00abSabemos que el deporte es el &#8230;<\/p>\n","protected":false},"author":7,"featured_media":120881,"comment_status":"open","ping_status":"open","sticky":false,"template":"","format":"standard","meta":{"footnotes":""},"categories":[5,3],"tags":[],"class_list":["post-120850","post","type-post","status-publish","format-standard","has-post-thumbnail","hentry","category-actualidad","category-deportes"],"_links":{"self":[{"href":"https:\/\/vinasfm.com\/noticias\/wp-json\/wp\/v2\/posts\/120850","targetHints":{"allow":["GET"]}}],"collection":[{"href":"https:\/\/vinasfm.com\/noticias\/wp-json\/wp\/v2\/posts"}],"about":[{"href":"https:\/\/vinasfm.com\/noticias\/wp-json\/wp\/v2\/types\/post"}],"author":[{"embeddable":true,"href":"https:\/\/vinasfm.com\/noticias\/wp-json\/wp\/v2\/users\/7"}],"replies":[{"embeddable":true,"href":"https:\/\/vinasfm.com\/noticias\/wp-json\/wp\/v2\/comments?post=120850"}],"version-history":[{"count":2,"href":"https:\/\/vinasfm.com\/noticias\/wp-json\/wp\/v2\/posts\/120850\/revisions"}],"predecessor-version":[{"id":120882,"href":"https:\/\/vinasfm.com\/noticias\/wp-json\/wp\/v2\/posts\/120850\/revisions\/120882"}],"wp:featuredmedia":[{"embeddable":true,"href":"https:\/\/vinasfm.com\/noticias\/wp-json\/wp\/v2\/media\/120881"}],"wp:attachment":[{"href":"https:\/\/vinasfm.com\/noticias\/wp-json\/wp\/v2\/media?parent=120850"}],"wp:term":[{"taxonomy":"category","embeddable":true,"href":"https:\/\/vinasfm.com\/noticias\/wp-json\/wp\/v2\/categories?post=120850"},{"taxonomy":"post_tag","embeddable":true,"href":"https:\/\/vinasfm.com\/noticias\/wp-json\/wp\/v2\/tags?post=120850"}],"curies":[{"name":"wp","href":"https:\/\/api.w.org\/{rel}","templated":true}]}}