{"id":120841,"date":"2023-04-15T11:39:49","date_gmt":"2023-04-15T14:39:49","guid":{"rendered":"https:\/\/vinasfm.com\/noticias\/?p=120841"},"modified":"2023-04-17T08:57:58","modified_gmt":"2023-04-17T11:57:58","slug":"dos-kioscos-de-estupefacientes-en-general-alvear-y-san-rafael","status":"publish","type":"post","link":"https:\/\/vinasfm.com\/noticias\/dos-kioscos-de-estupefacientes-en-general-alvear-y-san-rafael\/","title":{"rendered":"DOS \u00abKIOSCOS\u00bb DE ESTUPEFACIENTES EN GENERAL ALVEAR Y SAN RAFAEL"},"content":{"rendered":"<p><strong>La Polic\u00eda Contra el Lucha Contra el Narcotr\u00e1fico de Zona Sur, llev\u00f3 a cabo 2 allanamientos con el fin de desbaratar dos \u00abKioscos\u00bb dedicados a la venta de estupefacientes en modalidad de narcomenudeo. Las medidas judiciales se realizaron en los departamentos de General Alvear y San Rafael.<\/strong><\/p>\n<p>El primer allanamiento se llev\u00f3 a cabo, el d\u00eda mi\u00e9rcoles en horas de la noche, en Av. Telles Meneses de San Rafael, logrando el secuestro de envoltorios de coca\u00edna, marihuana en proceso de secado, una planta de la especia cannabis sativa, dinero en efectivo, balanzas de precisi\u00f3n y varios elementos de corte y fraccionamiento, por tal motivo el due\u00f1o del lugar, un masculino de 41 a\u00f1os, quedo imputado por infracci\u00f3n Art. 5 inc C (comercio de estupefacientes) quedando citado a disposici\u00f3n del Juzgado interviniente.<\/p>\n<p>El segundo allanamiento se llev\u00f3 a cabo en Calle Mendoza al 500 aproximadamente de Gral. Alvear, el cual hab\u00eda sido denunciado por venta de estupefacientes y con anuencia del Juzgado Federal de San Rafael se lleva a cabo la medida judicial donde se procede al secuestro de: envoltorios de coca\u00edna, semillas de la especie cannabis sativa, un poco m\u00e1s de cien mil pesos en efectivo, elementos de fraccionamiento y corte. Quedando imputada una persona de sexo femenino de 32 a\u00f1os de edad por infracci\u00f3n art 5 inc. C (comercio estupefaciente) de la Ley 23737.<\/p>\n<p><a href=\"http:\/\/vinasfm.com\/noticias\/wp-content\/uploads\/2023\/04\/WhatsApp-Image-2023-04-15-at-11.34.15-1.jpeg\"><img loading=\"lazy\" decoding=\"async\" class=\"alignnone wp-image-120843\" src=\"http:\/\/vinasfm.com\/noticias\/wp-content\/uploads\/2023\/04\/WhatsApp-Image-2023-04-15-at-11.34.15-1.jpeg\" alt=\"\" width=\"400\" height=\"300\" srcset=\"https:\/\/vinasfm.com\/noticias\/wp-content\/uploads\/2023\/04\/WhatsApp-Image-2023-04-15-at-11.34.15-1.jpeg 1280w, https:\/\/vinasfm.com\/noticias\/wp-content\/uploads\/2023\/04\/WhatsApp-Image-2023-04-15-at-11.34.15-1-300x225.jpeg 300w, https:\/\/vinasfm.com\/noticias\/wp-content\/uploads\/2023\/04\/WhatsApp-Image-2023-04-15-at-11.34.15-1-1024x768.jpeg 1024w, https:\/\/vinasfm.com\/noticias\/wp-content\/uploads\/2023\/04\/WhatsApp-Image-2023-04-15-at-11.34.15-1-768x576.jpeg 768w\" sizes=\"auto, (max-width: 400px) 100vw, 400px\" \/><\/a> <a href=\"http:\/\/vinasfm.com\/noticias\/wp-content\/uploads\/2023\/04\/WhatsApp-Image-2023-04-15-at-11.34.15.jpeg\"><img loading=\"lazy\" decoding=\"async\" class=\"alignnone wp-image-120844\" src=\"http:\/\/vinasfm.com\/noticias\/wp-content\/uploads\/2023\/04\/WhatsApp-Image-2023-04-15-at-11.34.15.jpeg\" alt=\"\" width=\"400\" height=\"300\" srcset=\"https:\/\/vinasfm.com\/noticias\/wp-content\/uploads\/2023\/04\/WhatsApp-Image-2023-04-15-at-11.34.15.jpeg 1600w, https:\/\/vinasfm.com\/noticias\/wp-content\/uploads\/2023\/04\/WhatsApp-Image-2023-04-15-at-11.34.15-300x225.jpeg 300w, https:\/\/vinasfm.com\/noticias\/wp-content\/uploads\/2023\/04\/WhatsApp-Image-2023-04-15-at-11.34.15-1024x768.jpeg 1024w, https:\/\/vinasfm.com\/noticias\/wp-content\/uploads\/2023\/04\/WhatsApp-Image-2023-04-15-at-11.34.15-768x576.jpeg 768w, https:\/\/vinasfm.com\/noticias\/wp-content\/uploads\/2023\/04\/WhatsApp-Image-2023-04-15-at-11.34.15-1536x1152.jpeg 1536w\" sizes=\"auto, (max-width: 400px) 100vw, 400px\" \/><\/a><\/p>\n","protected":false},"excerpt":{"rendered":"<p>La Polic\u00eda Contra el Lucha Contra el Narcotr\u00e1fico de Zona Sur, llev\u00f3 a cabo 2 allanamientos con el fin de desbaratar &#8230;<\/p>\n","protected":false},"author":7,"featured_media":120842,"comment_status":"open","ping_status":"open","sticky":false,"template":"","format":"standard","meta":{"footnotes":""},"categories":[5,10],"tags":[],"class_list":["post-120841","post","type-post","status-publish","format-standard","has-post-thumbnail","hentry","category-actualidad","category-destacadas"],"_links":{"self":[{"href":"https:\/\/vinasfm.com\/noticias\/wp-json\/wp\/v2\/posts\/120841","targetHints":{"allow":["GET"]}}],"collection":[{"href":"https:\/\/vinasfm.com\/noticias\/wp-json\/wp\/v2\/posts"}],"about":[{"href":"https:\/\/vinasfm.com\/noticias\/wp-json\/wp\/v2\/types\/post"}],"author":[{"embeddable":true,"href":"https:\/\/vinasfm.com\/noticias\/wp-json\/wp\/v2\/users\/7"}],"replies":[{"embeddable":true,"href":"https:\/\/vinasfm.com\/noticias\/wp-json\/wp\/v2\/comments?post=120841"}],"version-history":[{"count":1,"href":"https:\/\/vinasfm.com\/noticias\/wp-json\/wp\/v2\/posts\/120841\/revisions"}],"predecessor-version":[{"id":120845,"href":"https:\/\/vinasfm.com\/noticias\/wp-json\/wp\/v2\/posts\/120841\/revisions\/120845"}],"wp:featuredmedia":[{"embeddable":true,"href":"https:\/\/vinasfm.com\/noticias\/wp-json\/wp\/v2\/media\/120842"}],"wp:attachment":[{"href":"https:\/\/vinasfm.com\/noticias\/wp-json\/wp\/v2\/media?parent=120841"}],"wp:term":[{"taxonomy":"category","embeddable":true,"href":"https:\/\/vinasfm.com\/noticias\/wp-json\/wp\/v2\/categories?post=120841"},{"taxonomy":"post_tag","embeddable":true,"href":"https:\/\/vinasfm.com\/noticias\/wp-json\/wp\/v2\/tags?post=120841"}],"curies":[{"name":"wp","href":"https:\/\/api.w.org\/{rel}","templated":true}]}}