{"id":120833,"date":"2023-04-15T10:54:06","date_gmt":"2023-04-15T13:54:06","guid":{"rendered":"https:\/\/vinasfm.com\/noticias\/?p=120833"},"modified":"2023-04-15T11:26:41","modified_gmt":"2023-04-15T14:26:41","slug":"actvididades-para-este-fin-de-semana","status":"publish","type":"post","link":"https:\/\/vinasfm.com\/noticias\/actvididades-para-este-fin-de-semana\/","title":{"rendered":"ACTIVIDADES PARA ESTE FIN DE SEMANA"},"content":{"rendered":"<h2>\u00bfLo tuyo es la naturaleza?<\/h2>\n<ul>\n<li>Costanera Alvear abierto de jueves a domingo, de 14:30 a 20:30h<\/li>\n<li>Reserva municipal El Trapal, todos los d\u00edas de 10 a 19h<\/li>\n<\/ul>\n<h2>O tal vez te gusta disfrutar del arte<\/h2>\n<ul>\n<li>Multiespacio cultural Bodega Fara\u00f3n s\u00e1bados, domingos y feriados de 10 a 17h<\/li>\n<li>Museo municipal del Inmigrante s\u00e1bados, domingos y feriados de 9 a 12hs y de 16 a 19h<\/li>\n<li>Museo de Ciencias Naturales Rafael Reinoso s\u00e1bados, domingos y feriados 14:30 a 18:30h<\/li>\n<\/ul>\n<h2>O quiz\u00e1s prefieras pasar el fin de semana mirando pel\u00edculas<\/h2>\n<h3>Cartelera de Cine 2D y 3D<\/h3>\n<p><a href=\"http:\/\/vinasfm.com\/noticias\/wp-content\/uploads\/2023\/04\/WhatsApp-Image-2023-04-15-at-10.27.57.jpeg\"><img loading=\"lazy\" decoding=\"async\" class=\" wp-image-120834 aligncenter\" src=\"http:\/\/vinasfm.com\/noticias\/wp-content\/uploads\/2023\/04\/WhatsApp-Image-2023-04-15-at-10.27.57.jpeg\" alt=\"\" width=\"550\" height=\"601\" srcset=\"https:\/\/vinasfm.com\/noticias\/wp-content\/uploads\/2023\/04\/WhatsApp-Image-2023-04-15-at-10.27.57.jpeg 554w, https:\/\/vinasfm.com\/noticias\/wp-content\/uploads\/2023\/04\/WhatsApp-Image-2023-04-15-at-10.27.57-275x300.jpeg 275w\" sizes=\"auto, (max-width: 550px) 100vw, 550px\" \/><\/a><\/p>\n<ul>\n<li><strong>S\u00faper Mario Bros, 17:00h 3D<\/strong><\/li>\n<li><strong>La extorsi\u00f3n, 20:00<\/strong><br \/>\nVenta de entradas en boleter\u00eda y Web:<a href=\"https:\/\/cineteatrolafalla.alvearmendoza.gob.ar\/\">\u00a0https:\/\/cineteatrolafalla.alvearmendoza.gob.ar\/<\/a><\/li>\n<\/ul>\n<h2>S\u00e1bado 15 de abril<\/h2>\n<p>&#8211; D\u00eda mundial del arte<\/p>\n<ul>\n<li>9 a 12:30h Feria de Mujeres del Agro Bowen.<\/li>\n<li>9 a 13h Productores en Mercado Municipal de Ciudad.<\/li>\n<li>16h Primer Festival de Arte Inclusivo en plaza departamental Carlos Mar\u00eda de Alvear. Pintura sobre caballete al aire libre, taller de danza contempor\u00e1nea y charlas de concientizaci\u00f3n.<\/li>\n<li>21:30h Funci\u00f3n familiar de oto\u00f1o de Escuela de Danzas Pierrot de Silvia Belver de Addario \u00abPor la paz, el amor y la esperanza en el mundo\u00bb en Teatro Antonio Lafalla. Entrada general $800 en venta por boleter\u00eda y Web: https:\/\/cineteatrolafalla.alvearmendoza.gob.ar\/<\/li>\n<\/ul>\n<h2>Domingo 16 de abril<\/h2>\n<p>&#8211; D\u00eda Mundial contra la Esclavitud Infantil<\/p>\n<ul>\n<li>9 a 13h Feria Km 0<\/li>\n<li>9h Carreras tradicionales en el Aut\u00f3dromo V\u00edctor Garc\u00eda, categor\u00edas: Sport 4, 1100, 850, Monomarca Fiat, Junior, Tc tradicional y Grupo 3. Entrada general $1000<\/li>\n<li>15hs a 20hs Torneo de Skate OPEN en Skatepark, categor\u00edas: Iniciantes, Principiantes y Avanzados. Habr\u00e1 importantes premios, Dj en vivo, demo de la Escuelita Municipal de Skate. Acercate con la reposera y el mate.<\/li>\n<li>16h Peatonal en tu Barrio en Barrio Los Ranqueles. Pintura en vivo de Artista Visual Flavia Varela, se presenta Ariel Crespillo, Agua Cristal, tambi\u00e9n habr\u00e1 artesanos y food truck.<\/li>\n<li>16h Cierre del Primer Festival de Arte Inclusivo en Mercado municipal. Puesta en com\u00fan de aquello que se logr\u00f3 y entrega de certificados.<\/li>\n<\/ul>\n<p><a href=\"http:\/\/vinasfm.com\/noticias\/wp-content\/uploads\/2023\/04\/WhatsApp-Image-2023-04-15-at-11.17.29.jpeg\"><img loading=\"lazy\" decoding=\"async\" class=\"wp-image-120837 aligncenter\" src=\"http:\/\/vinasfm.com\/noticias\/wp-content\/uploads\/2023\/04\/WhatsApp-Image-2023-04-15-at-11.17.29.jpeg\" alt=\"\" width=\"550\" height=\"653\" srcset=\"https:\/\/vinasfm.com\/noticias\/wp-content\/uploads\/2023\/04\/WhatsApp-Image-2023-04-15-at-11.17.29.jpeg 1162w, https:\/\/vinasfm.com\/noticias\/wp-content\/uploads\/2023\/04\/WhatsApp-Image-2023-04-15-at-11.17.29-253x300.jpeg 253w, https:\/\/vinasfm.com\/noticias\/wp-content\/uploads\/2023\/04\/WhatsApp-Image-2023-04-15-at-11.17.29-863x1024.jpeg 863w, https:\/\/vinasfm.com\/noticias\/wp-content\/uploads\/2023\/04\/WhatsApp-Image-2023-04-15-at-11.17.29-768x911.jpeg 768w\" sizes=\"auto, (max-width: 550px) 100vw, 550px\" \/><\/a><\/p>\n","protected":false},"excerpt":{"rendered":"<p>\u00bfLo tuyo es la naturaleza? Costanera Alvear abierto de jueves a domingo, de 14:30 a 20:30h Reserva municipal El Trapal, todos &#8230;<\/p>\n","protected":false},"author":7,"featured_media":116136,"comment_status":"open","ping_status":"open","sticky":false,"template":"","format":"standard","meta":{"footnotes":""},"categories":[1],"tags":[],"class_list":["post-120833","post","type-post","status-publish","format-standard","has-post-thumbnail","hentry","category-fmvinas"],"_links":{"self":[{"href":"https:\/\/vinasfm.com\/noticias\/wp-json\/wp\/v2\/posts\/120833","targetHints":{"allow":["GET"]}}],"collection":[{"href":"https:\/\/vinasfm.com\/noticias\/wp-json\/wp\/v2\/posts"}],"about":[{"href":"https:\/\/vinasfm.com\/noticias\/wp-json\/wp\/v2\/types\/post"}],"author":[{"embeddable":true,"href":"https:\/\/vinasfm.com\/noticias\/wp-json\/wp\/v2\/users\/7"}],"replies":[{"embeddable":true,"href":"https:\/\/vinasfm.com\/noticias\/wp-json\/wp\/v2\/comments?post=120833"}],"version-history":[{"count":5,"href":"https:\/\/vinasfm.com\/noticias\/wp-json\/wp\/v2\/posts\/120833\/revisions"}],"predecessor-version":[{"id":120840,"href":"https:\/\/vinasfm.com\/noticias\/wp-json\/wp\/v2\/posts\/120833\/revisions\/120840"}],"wp:featuredmedia":[{"embeddable":true,"href":"https:\/\/vinasfm.com\/noticias\/wp-json\/wp\/v2\/media\/116136"}],"wp:attachment":[{"href":"https:\/\/vinasfm.com\/noticias\/wp-json\/wp\/v2\/media?parent=120833"}],"wp:term":[{"taxonomy":"category","embeddable":true,"href":"https:\/\/vinasfm.com\/noticias\/wp-json\/wp\/v2\/categories?post=120833"},{"taxonomy":"post_tag","embeddable":true,"href":"https:\/\/vinasfm.com\/noticias\/wp-json\/wp\/v2\/tags?post=120833"}],"curies":[{"name":"wp","href":"https:\/\/api.w.org\/{rel}","templated":true}]}}