{"id":120816,"date":"2023-04-14T10:58:59","date_gmt":"2023-04-14T13:58:59","guid":{"rendered":"https:\/\/vinasfm.com\/noticias\/?p=120816"},"modified":"2023-04-16T21:30:45","modified_gmt":"2023-04-17T00:30:45","slug":"hoy-viernes-se-realizara-un-nuevo-remate-de-la-firma-aguirre-vasquez","status":"publish","type":"post","link":"https:\/\/vinasfm.com\/noticias\/hoy-viernes-se-realizara-un-nuevo-remate-de-la-firma-aguirre-vasquez\/","title":{"rendered":"HOY VIERNES SE REALIZAR\u00c1 UN NUEVO REMATE DE LA FIRMA AGUIRRE V\u00c1SQUEZ"},"content":{"rendered":"<p><strong>Esta ma\u00f1ana desde las 06:30 comenzaron las actividades en torno al remate.\u00a0<\/strong><\/p>\n<p>Juan Carlos Pinto, de la firma Aguirre V\u00e1squez explic\u00f3, <em><strong>\u00abTenemos aproximadamente 400 cabezas, son un buen n\u00famero para la \u00e9poca ya que mucha gente est\u00e1 dejando ganado para la Feria de la Ganader\u00eda. Es un buen conjunto de terneros chicos y medianos, vacas de 4 a\u00f1os y vaquillonas espectaculares\u00bb.\u00a0<\/strong><\/em><\/p>\n<p><a href=\"http:\/\/vinasfm.com\/noticias\/wp-content\/uploads\/2023\/04\/Diseno-sin-titulo-5.png\"><img loading=\"lazy\" decoding=\"async\" class=\"wp-image-120818 alignleft\" src=\"http:\/\/vinasfm.com\/noticias\/wp-content\/uploads\/2023\/04\/Diseno-sin-titulo-5.png\" alt=\"\" width=\"259\" height=\"460\" srcset=\"https:\/\/vinasfm.com\/noticias\/wp-content\/uploads\/2023\/04\/Diseno-sin-titulo-5.png 900w, https:\/\/vinasfm.com\/noticias\/wp-content\/uploads\/2023\/04\/Diseno-sin-titulo-5-169x300.png 169w, https:\/\/vinasfm.com\/noticias\/wp-content\/uploads\/2023\/04\/Diseno-sin-titulo-5-576x1024.png 576w, https:\/\/vinasfm.com\/noticias\/wp-content\/uploads\/2023\/04\/Diseno-sin-titulo-5-768x1365.png 768w, https:\/\/vinasfm.com\/noticias\/wp-content\/uploads\/2023\/04\/Diseno-sin-titulo-5-864x1536.png 864w\" sizes=\"auto, (max-width: 259px) 100vw, 259px\" \/><\/a><\/p>\n<p>Las personas pertenecientes a la firma ya se encuentran en el departamento. <strong>El remate tendr\u00e1 lugar hoy viernes 14 de abril, a las 15:00h en el Predio Ferial.\u00a0<\/strong><\/p>\n","protected":false},"excerpt":{"rendered":"<p>Esta ma\u00f1ana desde las 06:30 comenzaron las actividades en torno al remate.\u00a0 Juan Carlos Pinto, de la firma Aguirre V\u00e1squez explic\u00f3, &#8230;<\/p>\n","protected":false},"author":7,"featured_media":120817,"comment_status":"open","ping_status":"open","sticky":false,"template":"","format":"standard","meta":{"footnotes":""},"categories":[1],"tags":[],"class_list":["post-120816","post","type-post","status-publish","format-standard","has-post-thumbnail","hentry","category-fmvinas"],"_links":{"self":[{"href":"https:\/\/vinasfm.com\/noticias\/wp-json\/wp\/v2\/posts\/120816","targetHints":{"allow":["GET"]}}],"collection":[{"href":"https:\/\/vinasfm.com\/noticias\/wp-json\/wp\/v2\/posts"}],"about":[{"href":"https:\/\/vinasfm.com\/noticias\/wp-json\/wp\/v2\/types\/post"}],"author":[{"embeddable":true,"href":"https:\/\/vinasfm.com\/noticias\/wp-json\/wp\/v2\/users\/7"}],"replies":[{"embeddable":true,"href":"https:\/\/vinasfm.com\/noticias\/wp-json\/wp\/v2\/comments?post=120816"}],"version-history":[{"count":2,"href":"https:\/\/vinasfm.com\/noticias\/wp-json\/wp\/v2\/posts\/120816\/revisions"}],"predecessor-version":[{"id":120859,"href":"https:\/\/vinasfm.com\/noticias\/wp-json\/wp\/v2\/posts\/120816\/revisions\/120859"}],"wp:featuredmedia":[{"embeddable":true,"href":"https:\/\/vinasfm.com\/noticias\/wp-json\/wp\/v2\/media\/120817"}],"wp:attachment":[{"href":"https:\/\/vinasfm.com\/noticias\/wp-json\/wp\/v2\/media?parent=120816"}],"wp:term":[{"taxonomy":"category","embeddable":true,"href":"https:\/\/vinasfm.com\/noticias\/wp-json\/wp\/v2\/categories?post=120816"},{"taxonomy":"post_tag","embeddable":true,"href":"https:\/\/vinasfm.com\/noticias\/wp-json\/wp\/v2\/tags?post=120816"}],"curies":[{"name":"wp","href":"https:\/\/api.w.org\/{rel}","templated":true}]}}