{"id":120811,"date":"2023-04-14T09:53:15","date_gmt":"2023-04-14T12:53:15","guid":{"rendered":"https:\/\/vinasfm.com\/noticias\/?p=120811"},"modified":"2023-04-16T21:59:54","modified_gmt":"2023-04-17T00:59:54","slug":"aprobaron-la-ley-de-alcohol-cero-al-volante-tras-un-potente-cruce-entre-fernandez-sagasti-y-cornejo","status":"publish","type":"post","link":"https:\/\/vinasfm.com\/noticias\/aprobaron-la-ley-de-alcohol-cero-al-volante-tras-un-potente-cruce-entre-fernandez-sagasti-y-cornejo\/","title":{"rendered":"APROBARON LA LEY DE ALCOHOL CERO AL VOLANTE TRAS UN POTENTE CRUCE ENTRE FERN\u00c1NDEZ SAGASTI Y CORNEJO"},"content":{"rendered":"<p><strong>Mendoza aclar\u00f3 que no aplicar\u00e1 la norma en sus calles y rutas provinciales. No obstante, el Senado Nacional aprob\u00f3 este jueves, por amplia mayor\u00eda, la iniciativa con apoyo de diferentes sectores pol\u00edticos, incluyendo al oficialismo y a integrantes de Juntos por el Cambio. La medida gener\u00f3 alguna resistencia en la industria vitivin\u00edcola.<\/strong><\/p>\n<p>Despu\u00e9s de varios intentos fallidos,\u00a0el\u00a0<strong>Senado de la Naci\u00f3n<\/strong>\u00a0aprob\u00f3 este jueves la\u00a0<strong>ley de alcohol cero al volante<\/strong>, con apoyo de diversas fuerzas pol\u00edticas aunque con la\u00a0<strong>resistencia de algunos legisladores de Mendoza<\/strong>. Fue por abrumadora mayor\u00eda:\u00a0<strong>48 votos positivos y 8 negativos<\/strong>.<\/p>\n<p>El proyecto tuvo entre sus impulsores a la senadora kirchnerista\u00a0<strong>Anabel Fern\u00e1ndez Sagasti (PJ)<\/strong>, quien ha sido respaldada por\u00a0<strong>organizaciones sociales<\/strong>, especialmente las que re\u00fanen a familiares de\u00a0<strong>v\u00edctimas de accidentes de tr\u00e1nsito<\/strong>. El discurso con el que la mendocina cerr\u00f3 el debate fue recibido con\u00a0<strong>aplausos\u00a0<\/strong>por parte de las personas que hab\u00edan asistido para presenciar el desenlace de las deliberaciones.<\/p>\n<p><strong><em>\u00abAlgunos sectores acusaron a esta senadora de que esta ley es fruto del lobby de las\u00a0gaseosas, y que estamos estimulando que en la mesa de los argentinos no haya m\u00e1s vino. No es cierto. Si hay alguien en este recinto que resisti\u00f3 las presiones de las empresas de gaseosas fui yo, junto al exsenador\u00a0Julio Cobos, cuando sacamos la\u00a0ley de etiquetado\u00bb<\/em><\/strong>, record\u00f3 Sagasti.<\/p>\n<p>Y enfatiz\u00f3:<strong><em> \u00abCon esta ley queremos marcar el Norte de un\u00a0cambio cultural. No es una soluci\u00f3n m\u00e1gica (&#8230;). Lo que promueve es un cambio de conductas y\u00a0salir del falso concepto del autocontrol. Todos hemos escuchado aquello de &#8216;estoy bien, puedo manejar&#8217;. Es una falsa creencia (&#8230;) Esta ley permite hacer consciente que\u00a0cuando subimos a un auto tenemos que cuidarnos y cuidar a los otros\u00bb.<\/em><\/strong><\/p>\n<p>En contraste, numerosos empresarios del\u00a0<strong>sector vitivin\u00edcola<\/strong>\u00a0y parte de la dirigencia pol\u00edtica mendocina se expresaron en contra, entre ellos legisladores como los radicales\u00a0<strong>Mariana Juri<\/strong>\u00a0y\u00a0<strong>Alfredo Cornejo (UCR)<\/strong>. Y esto a pesar de que el gobernador Rodolfo Suarez ya adelant\u00f3 que\u00a0<strong>Mendoza no adherir\u00e1 a la norma<\/strong>.<\/p>\n<p>En consecuencia, la nueva ley\u00a0<strong>regir\u00e1 \u00fanicamente en las rutas nacionales<\/strong>, y a juzgar por los controles que se realizan no implicar\u00eda mayores cambios, salvo desde el punto de vista \u00abcultural\u00bb.<\/p>\n<p>Poco antes del cierre del debate, Cornejo adelant\u00f3 que a su criterio la medida<strong>\u00a0no bajar\u00e1 la siniestralidad<\/strong>\u00a0y enumer\u00f3 pa\u00edses que tienen menos accidentes que Argentina\u00a0<strong>sin tener leyes de Alcohol Cero<\/strong>.<\/p>\n<p><em><strong>\u00abEn Paraguay, Uruguay y Brasil hay ley de alcohol cero\u00a0y tienen tasas de muertes de 22,6; 13,8 y 15,8 respectivamente cada 100.000 habitantes.\u00a0Espa\u00f1a, Suecia e Inglaterra, que permiten niveles de alcohol de 0,5; 0,2 y 0,8; tienen\u00a0tasas de muerte much\u00edsimo menores\u00bb<\/strong><\/em>, ejemplific\u00f3 el senador.<\/p>\n<h2>El camino de la ley de alcohol cero<\/h2>\n<p>La aprobaci\u00f3n del proyecto se ve\u00eda venir luego de su paso por\u00a0<strong>Diputados<\/strong>, donde la propuesta\u00a0<strong>cosech\u00f3 amplios apoyos<\/strong>\u00a0a fines de 2022.<\/p>\n<p>Cuando se vot\u00f3 y aprob\u00f3 en Diputados, los 6 legisladores mendocinos de Juntos por el Cambio &#8211;<strong>Lisandro Nieri, Pamela Verasay, Julio Cobos, Jimena Latorre, Omar De Marchi y \u00c1lvaro Mart\u00ednez<\/strong>&#8211; votaron en contra. Los 4 del Frente de Todos lo hicieron divididos:\u00a0<strong>Adolfo Bermejo y Liliana Paponet<\/strong>\u00a0a favor;\u00a0<strong>Eber P\u00e9rez<\/strong>\u00a0<strong>Plaza<\/strong>\u00a0en contra y<strong>\u00a0Marisa Uceda<\/strong>\u00a0se abstuvo.<\/p>\n<p><a href=\"https:\/\/www.diariouno.com.ar\/politica\/en-vivo-senadores-tratan-el-proyecto-ley-alcohol-cero-al-volante-4-meses-sesionar-n1087205\" target=\"_self\" rel=\"follow noopener\">Luego de la sesi\u00f3n\u00a0<strong>dinamitada<\/strong>\u00a0el pasado 30 de marzo en el Senado,<\/a>\u00a0el Frente de Todos y las distintas variantes de la oposici\u00f3n lograron ponerse de acuerdo en un nuevo y amplio temario, que incluy\u00f3 a la ahora aprobada\u00a0<strong>ley de Alcohol Cero<\/strong>.<\/p>\n","protected":false},"excerpt":{"rendered":"<p>Mendoza aclar\u00f3 que no aplicar\u00e1 la norma en sus calles y rutas provinciales. No obstante, el Senado Nacional aprob\u00f3 este jueves, &#8230;<\/p>\n","protected":false},"author":7,"featured_media":120812,"comment_status":"open","ping_status":"open","sticky":false,"template":"","format":"standard","meta":{"footnotes":""},"categories":[5,10],"tags":[],"class_list":["post-120811","post","type-post","status-publish","format-standard","has-post-thumbnail","hentry","category-actualidad","category-destacadas"],"_links":{"self":[{"href":"https:\/\/vinasfm.com\/noticias\/wp-json\/wp\/v2\/posts\/120811","targetHints":{"allow":["GET"]}}],"collection":[{"href":"https:\/\/vinasfm.com\/noticias\/wp-json\/wp\/v2\/posts"}],"about":[{"href":"https:\/\/vinasfm.com\/noticias\/wp-json\/wp\/v2\/types\/post"}],"author":[{"embeddable":true,"href":"https:\/\/vinasfm.com\/noticias\/wp-json\/wp\/v2\/users\/7"}],"replies":[{"embeddable":true,"href":"https:\/\/vinasfm.com\/noticias\/wp-json\/wp\/v2\/comments?post=120811"}],"version-history":[{"count":1,"href":"https:\/\/vinasfm.com\/noticias\/wp-json\/wp\/v2\/posts\/120811\/revisions"}],"predecessor-version":[{"id":120813,"href":"https:\/\/vinasfm.com\/noticias\/wp-json\/wp\/v2\/posts\/120811\/revisions\/120813"}],"wp:featuredmedia":[{"embeddable":true,"href":"https:\/\/vinasfm.com\/noticias\/wp-json\/wp\/v2\/media\/120812"}],"wp:attachment":[{"href":"https:\/\/vinasfm.com\/noticias\/wp-json\/wp\/v2\/media?parent=120811"}],"wp:term":[{"taxonomy":"category","embeddable":true,"href":"https:\/\/vinasfm.com\/noticias\/wp-json\/wp\/v2\/categories?post=120811"},{"taxonomy":"post_tag","embeddable":true,"href":"https:\/\/vinasfm.com\/noticias\/wp-json\/wp\/v2\/tags?post=120811"}],"curies":[{"name":"wp","href":"https:\/\/api.w.org\/{rel}","templated":true}]}}