{"id":120804,"date":"2023-04-15T10:13:16","date_gmt":"2023-04-15T13:13:16","guid":{"rendered":"https:\/\/vinasfm.com\/noticias\/?p=120804"},"modified":"2023-04-17T08:42:50","modified_gmt":"2023-04-17T11:42:50","slug":"comenzaron-los-talleres-municipales","status":"publish","type":"post","link":"https:\/\/vinasfm.com\/noticias\/comenzaron-los-talleres-municipales\/","title":{"rendered":"COMENZARON LOS TALLERES MUNICIPALES"},"content":{"rendered":"<p><strong>Como en cada a\u00f1o, este mes iniciaron los talleres art\u00edsticos municipales.<\/strong><\/p>\n<p><strong><em>\u00abPor supuesto pertenecen a distintas \u00e1reas, desde inform\u00e1tica hasta danza\u00bb<\/em><\/strong>, coment\u00f3 la Directora de Cultura, Liana Piedrafita. Algunos de los talleres son marroquiner\u00eda, folclore, literatura, danza ucraniana y pintura; adem\u00e1s Piedrafita explic\u00f3 que<em><strong> \u00abson talleres que se dictan una o dos veces por semana y algunas veces se convierten en oficios\u00bb.<\/strong><\/em><\/p>\n<h2><strong>En Ciudad:<\/strong><\/h2>\n<p><a href=\"http:\/\/vinasfm.com\/noticias\/wp-content\/uploads\/2023\/04\/WhatsApp-Image-2023-04-14-at-12.06.11-2.jpeg\"><img loading=\"lazy\" decoding=\"async\" class=\"alignnone wp-image-120826\" src=\"http:\/\/vinasfm.com\/noticias\/wp-content\/uploads\/2023\/04\/WhatsApp-Image-2023-04-14-at-12.06.11-2.jpeg\" alt=\"\" width=\"405\" height=\"552\" srcset=\"https:\/\/vinasfm.com\/noticias\/wp-content\/uploads\/2023\/04\/WhatsApp-Image-2023-04-14-at-12.06.11-2.jpeg 1173w, https:\/\/vinasfm.com\/noticias\/wp-content\/uploads\/2023\/04\/WhatsApp-Image-2023-04-14-at-12.06.11-2-220x300.jpeg 220w, https:\/\/vinasfm.com\/noticias\/wp-content\/uploads\/2023\/04\/WhatsApp-Image-2023-04-14-at-12.06.11-2-751x1024.jpeg 751w, https:\/\/vinasfm.com\/noticias\/wp-content\/uploads\/2023\/04\/WhatsApp-Image-2023-04-14-at-12.06.11-2-768x1048.jpeg 768w, https:\/\/vinasfm.com\/noticias\/wp-content\/uploads\/2023\/04\/WhatsApp-Image-2023-04-14-at-12.06.11-2-1126x1536.jpeg 1126w\" sizes=\"auto, (max-width: 405px) 100vw, 405px\" \/><\/a><\/p>\n<h2>En Bowen:<\/h2>\n<p><a href=\"http:\/\/vinasfm.com\/noticias\/wp-content\/uploads\/2023\/04\/WhatsApp-Image-2023-04-14-at-12.06.11-1.jpeg\"><img loading=\"lazy\" decoding=\"async\" class=\"alignnone wp-image-120827\" src=\"http:\/\/vinasfm.com\/noticias\/wp-content\/uploads\/2023\/04\/WhatsApp-Image-2023-04-14-at-12.06.11-1.jpeg\" alt=\"\" width=\"377\" height=\"477\" srcset=\"https:\/\/vinasfm.com\/noticias\/wp-content\/uploads\/2023\/04\/WhatsApp-Image-2023-04-14-at-12.06.11-1.jpeg 1265w, https:\/\/vinasfm.com\/noticias\/wp-content\/uploads\/2023\/04\/WhatsApp-Image-2023-04-14-at-12.06.11-1-237x300.jpeg 237w, https:\/\/vinasfm.com\/noticias\/wp-content\/uploads\/2023\/04\/WhatsApp-Image-2023-04-14-at-12.06.11-1-810x1024.jpeg 810w, https:\/\/vinasfm.com\/noticias\/wp-content\/uploads\/2023\/04\/WhatsApp-Image-2023-04-14-at-12.06.11-1-768x971.jpeg 768w, https:\/\/vinasfm.com\/noticias\/wp-content\/uploads\/2023\/04\/WhatsApp-Image-2023-04-14-at-12.06.11-1-1214x1536.jpeg 1214w\" sizes=\"auto, (max-width: 377px) 100vw, 377px\" \/><\/a><\/p>\n<h2>En Alvear Oeste:<\/h2>\n<p><a href=\"http:\/\/vinasfm.com\/noticias\/wp-content\/uploads\/2023\/04\/WhatsApp-Image-2023-04-14-at-12.06.11.jpeg\"><img loading=\"lazy\" decoding=\"async\" class=\"alignnone wp-image-120828\" src=\"http:\/\/vinasfm.com\/noticias\/wp-content\/uploads\/2023\/04\/WhatsApp-Image-2023-04-14-at-12.06.11.jpeg\" alt=\"\" width=\"350\" height=\"477\" srcset=\"https:\/\/vinasfm.com\/noticias\/wp-content\/uploads\/2023\/04\/WhatsApp-Image-2023-04-14-at-12.06.11.jpeg 1173w, https:\/\/vinasfm.com\/noticias\/wp-content\/uploads\/2023\/04\/WhatsApp-Image-2023-04-14-at-12.06.11-220x300.jpeg 220w, https:\/\/vinasfm.com\/noticias\/wp-content\/uploads\/2023\/04\/WhatsApp-Image-2023-04-14-at-12.06.11-751x1024.jpeg 751w, https:\/\/vinasfm.com\/noticias\/wp-content\/uploads\/2023\/04\/WhatsApp-Image-2023-04-14-at-12.06.11-768x1048.jpeg 768w, https:\/\/vinasfm.com\/noticias\/wp-content\/uploads\/2023\/04\/WhatsApp-Image-2023-04-14-at-12.06.11-1126x1536.jpeg 1126w\" sizes=\"auto, (max-width: 350px) 100vw, 350px\" \/><\/a><\/p>\n<p>&nbsp;<\/p>\n<p>&nbsp;<\/p>\n","protected":false},"excerpt":{"rendered":"<p>Como en cada a\u00f1o, este mes iniciaron los talleres art\u00edsticos municipales. \u00abPor supuesto pertenecen a distintas \u00e1reas, desde inform\u00e1tica hasta danza\u00bb, &#8230;<\/p>\n","protected":false},"author":7,"featured_media":120831,"comment_status":"open","ping_status":"open","sticky":false,"template":"","format":"standard","meta":{"footnotes":""},"categories":[5,19],"tags":[],"class_list":["post-120804","post","type-post","status-publish","format-standard","has-post-thumbnail","hentry","category-actualidad","category-cultura"],"_links":{"self":[{"href":"https:\/\/vinasfm.com\/noticias\/wp-json\/wp\/v2\/posts\/120804","targetHints":{"allow":["GET"]}}],"collection":[{"href":"https:\/\/vinasfm.com\/noticias\/wp-json\/wp\/v2\/posts"}],"about":[{"href":"https:\/\/vinasfm.com\/noticias\/wp-json\/wp\/v2\/types\/post"}],"author":[{"embeddable":true,"href":"https:\/\/vinasfm.com\/noticias\/wp-json\/wp\/v2\/users\/7"}],"replies":[{"embeddable":true,"href":"https:\/\/vinasfm.com\/noticias\/wp-json\/wp\/v2\/comments?post=120804"}],"version-history":[{"count":4,"href":"https:\/\/vinasfm.com\/noticias\/wp-json\/wp\/v2\/posts\/120804\/revisions"}],"predecessor-version":[{"id":120879,"href":"https:\/\/vinasfm.com\/noticias\/wp-json\/wp\/v2\/posts\/120804\/revisions\/120879"}],"wp:featuredmedia":[{"embeddable":true,"href":"https:\/\/vinasfm.com\/noticias\/wp-json\/wp\/v2\/media\/120831"}],"wp:attachment":[{"href":"https:\/\/vinasfm.com\/noticias\/wp-json\/wp\/v2\/media?parent=120804"}],"wp:term":[{"taxonomy":"category","embeddable":true,"href":"https:\/\/vinasfm.com\/noticias\/wp-json\/wp\/v2\/categories?post=120804"},{"taxonomy":"post_tag","embeddable":true,"href":"https:\/\/vinasfm.com\/noticias\/wp-json\/wp\/v2\/tags?post=120804"}],"curies":[{"name":"wp","href":"https:\/\/api.w.org\/{rel}","templated":true}]}}