{"id":120742,"date":"2023-04-13T08:23:06","date_gmt":"2023-04-13T11:23:06","guid":{"rendered":"https:\/\/vinasfm.com\/noticias\/?p=120742"},"modified":"2023-04-13T12:10:49","modified_gmt":"2023-04-13T15:10:49","slug":"la-ciudad-de-mendoza-y-el-iscamen-juntos-por-el-control-biologico-de-plagas-en-plazas-y-paseos","status":"publish","type":"post","link":"https:\/\/vinasfm.com\/noticias\/la-ciudad-de-mendoza-y-el-iscamen-juntos-por-el-control-biologico-de-plagas-en-plazas-y-paseos\/","title":{"rendered":"LA CIUDAD DE MENDOZA Y EL ISCAMEN, JUNTOS POR EL CONTROL BIOL\u00d3GICO DE PLAGAS EN PLAZAS Y PASEOS"},"content":{"rendered":"<p>Las primeras labores se iniciaron esta ma\u00f1ana en la plaza Espa\u00f1a y se extender\u00e1n a otros espacios verdes y paseos capitalinos. Se recomienda el cuidado de los refugios o \u201ccasitas\u201d para insectos y no quitar la cintas de los \u00e1rboles.<\/p>\n<p>En el marco del\u00a0<strong>convenio<\/strong>\u00a0entre la\u00a0<strong>Ciudad de Mendoza<\/strong>\u00a0y el\u00a0<strong>Instituto de Sanidad y Calidad Agropecuaria Mendoza (Iscamen)<\/strong>, comenz\u00f3 la implementaci\u00f3n del\u00a0<strong>Programa de Control Biol\u00f3gico de Plagas\u00a0<\/strong>en plazas y paseos de Ciudad. La actividad tiene el\u00a0objetivo\u00a0de desarrollar una\u00a0herramienta amigable\u00a0con el\u00a0ambiente<strong>\u00a0<\/strong>que apunte a la sustentabilidad de los espacios verdes de la comuna y un lugar saludable para las personas.<\/p>\n<p>En el inicio de este importante programa ambiental, llevado a cabo en\u00a0la plaza Espa\u00f1a, estuvieron presentes Mariel Vanin, secretaria t\u00e9cnica, y Gast\u00f3n Crauchuk, del Programa de Agroecolog\u00eda, ambos funcionarios del Iscamen, acompa\u00f1ados por personal de este organismo p\u00fablico. En tanto, por el Municipio capitalino asistieron el subsecretario de Planificaci\u00f3n y Servicios P\u00fablicos, Mart\u00edn Careddu, y el equipo de Desarrollo Urbano de la Comuna. Adem\u00e1s, se sumaron durante el acto una veintena de chicos del Colegio Agust\u00edn \u00c1lvarez con sus docentes.<\/p>\n<p><a href=\"http:\/\/vinasfm.com\/noticias\/wp-content\/uploads\/2023\/04\/06-700x466-1.jpg\"><img loading=\"lazy\" decoding=\"async\" class=\"alignnone wp-image-120745\" src=\"http:\/\/vinasfm.com\/noticias\/wp-content\/uploads\/2023\/04\/06-700x466-1.jpg\" alt=\"\" width=\"350\" height=\"233\" srcset=\"https:\/\/vinasfm.com\/noticias\/wp-content\/uploads\/2023\/04\/06-700x466-1.jpg 700w, https:\/\/vinasfm.com\/noticias\/wp-content\/uploads\/2023\/04\/06-700x466-1-300x200.jpg 300w\" sizes=\"auto, (max-width: 350px) 100vw, 350px\" \/><\/a> <a href=\"http:\/\/vinasfm.com\/noticias\/wp-content\/uploads\/2023\/04\/08-700x466-1.jpg\"><img loading=\"lazy\" decoding=\"async\" class=\"alignnone wp-image-120746\" src=\"http:\/\/vinasfm.com\/noticias\/wp-content\/uploads\/2023\/04\/08-700x466-1.jpg\" alt=\"\" width=\"352\" height=\"234\" srcset=\"https:\/\/vinasfm.com\/noticias\/wp-content\/uploads\/2023\/04\/08-700x466-1.jpg 700w, https:\/\/vinasfm.com\/noticias\/wp-content\/uploads\/2023\/04\/08-700x466-1-300x200.jpg 300w\" sizes=\"auto, (max-width: 352px) 100vw, 352px\" \/><\/a><\/p>\n<p>Durante el encuentro, Miguel Careddu coment\u00f3: <strong><em>\u201cEstamos dando inicio a este programa mediante un convenio, en conjunto con el Iscamen, en la plaza Espa\u00f1a, donde se han instalado unas\u00a0casitas\u00a0para el control biol\u00f3gico de plagas en el arbolado mediante\u00a0controladores.\u00a0Adem\u00e1s, se liberar\u00e1n peri\u00f3dicamente insectos que protegen de plagas. Hemos estimado instalar cerca de\u00a040\u00a0de estas casitas en los espacios verdes de la ciudad\u201d.<\/em><\/strong><\/p>\n<p>En tanto, Mariel Vanin, del Iscamen, explic\u00f3 en el mismo sentido: <strong><em>\u201cEsta es una iniciativa entre el Iscamen y el Municipio de la Ciudad, para\u00a0combatir las plagas del arbolado publico con herramientas biol\u00f3gicas.\u00a0En este caso, con controladores. Esta ser\u00e1 una tarea constante y de seguimiento donde el Iscamen va a hacer liberaciones quincenales de los controladores biol\u00f3gicos\u201d.<\/em><\/strong> Y finaliz\u00f3: <strong><em>\u201cVamos a estar liberando m\u00faltiples especies para cuidar al arbolado en su conjunto\u201d.<\/em><\/strong><\/p>\n<p>Dentro de las actividades previstas para dar comienzo al programa, se instalaron casitas (controladores) en el espacio p\u00fablico; se colocaron bandas en los olmos; se liberaron insectos que combatir\u00e1n las plagas y se brindaron detalles de la iniciativa ambiental a los chicos del colegio mencionado, entre otras.<\/p>\n<h2><strong>Sobre el programa<\/strong><\/h2>\n<p>Esta iniciativa se llevar\u00e1 adelante de forma conjunta entre el Municipio y el Iscamen, teniendo como una de sus principales acciones la\u00a0liberaci\u00f3n de insectos ben\u00e9ficos<strong>\u00a0<\/strong>para el control de plagas. Esto ser\u00e1 acompa\u00f1ado por la diversificaci\u00f3n de las\u00a0especies ornamentales y flor\u00edferas<strong>\u00a0<\/strong>en canteros, las cuales ser\u00e1n atractivos para la\u00a0fauna ben\u00e9fica. Tambi\u00e9n, en ejemplares de olmo, se aplicar\u00e1 una t\u00e9cnica de barrera mec\u00e1nica, que consiste en el encintado con cinta adhesiva en el tronco para el control del cascarudo del olmo.<\/p>\n<p><a href=\"http:\/\/vinasfm.com\/noticias\/wp-content\/uploads\/2023\/04\/04-700x933-1.jpg\"><img loading=\"lazy\" decoding=\"async\" class=\"alignnone wp-image-120747\" src=\"http:\/\/vinasfm.com\/noticias\/wp-content\/uploads\/2023\/04\/04-700x933-1.jpg\" alt=\"\" width=\"360\" height=\"480\" srcset=\"https:\/\/vinasfm.com\/noticias\/wp-content\/uploads\/2023\/04\/04-700x933-1.jpg 700w, https:\/\/vinasfm.com\/noticias\/wp-content\/uploads\/2023\/04\/04-700x933-1-225x300.jpg 225w\" sizes=\"auto, (max-width: 360px) 100vw, 360px\" \/><\/a> <a href=\"http:\/\/vinasfm.com\/noticias\/wp-content\/uploads\/2023\/04\/01.jpg\"><img loading=\"lazy\" decoding=\"async\" class=\"alignnone wp-image-120743\" src=\"http:\/\/vinasfm.com\/noticias\/wp-content\/uploads\/2023\/04\/01.jpg\" alt=\"\" width=\"360\" height=\"480\" srcset=\"https:\/\/vinasfm.com\/noticias\/wp-content\/uploads\/2023\/04\/01.jpg 1200w, https:\/\/vinasfm.com\/noticias\/wp-content\/uploads\/2023\/04\/01-225x300.jpg 225w, https:\/\/vinasfm.com\/noticias\/wp-content\/uploads\/2023\/04\/01-768x1024.jpg 768w, https:\/\/vinasfm.com\/noticias\/wp-content\/uploads\/2023\/04\/01-1152x1536.jpg 1152w\" sizes=\"auto, (max-width: 360px) 100vw, 360px\" \/><\/a><\/p>\n<p>&nbsp;<\/p>\n<p>A continuaci\u00f3n se detallan las t\u00e9cnicas de aplicaci\u00f3n amigables o ecol\u00f3gicas para los espacios verdes:<\/p>\n<p>\u2013 Controladores biol\u00f3gicos de plagas. Mediante la implementaci\u00f3n de refugio para insectos y su liberaci\u00f3n.<\/p>\n<p>\u2013 Bandas para troncos de los arboles en ejemplares de olmos.<\/p>\n<p>\u2013 Aumentar la diversidad de especies ornamentales y flor\u00edferas, plantas trampa, repelentes y atractivas para la fauna ben\u00e9fica.<\/p>\n<p>Este interesante programa se aplicar\u00e1 a partir de hoy en la plaza Espa\u00f1a y luego se extender\u00e1 a otros espacios verdes, como las plazas Chile, Italia, Matons, Mathus Hoyos e Yrigoyen, entre otras, hasta establecerse en unos treinta espacios verdes de la ciudad. El Municipio solicita a los vecinos, vecinas y ocasionales transe\u00fantes de los espacios verdes el cuidado de los refugios \u201ccasitas\u201d para insectos y no quitar la cintas de los \u00e1rboles. Paralelamente, para reforzar la informaci\u00f3n, se dispondr\u00e1 de un c\u00f3digo QR en los refugios y cintas, donde se podr\u00e1 acceder a mayor cantidad de datos sobre el programa.<\/p>\n","protected":false},"excerpt":{"rendered":"<p>Las primeras labores se iniciaron esta ma\u00f1ana en la plaza Espa\u00f1a y se extender\u00e1n a otros espacios verdes y paseos capitalinos. &#8230;<\/p>\n","protected":false},"author":7,"featured_media":120744,"comment_status":"open","ping_status":"open","sticky":false,"template":"","format":"standard","meta":{"footnotes":""},"categories":[5,10],"tags":[],"class_list":["post-120742","post","type-post","status-publish","format-standard","has-post-thumbnail","hentry","category-actualidad","category-destacadas"],"_links":{"self":[{"href":"https:\/\/vinasfm.com\/noticias\/wp-json\/wp\/v2\/posts\/120742","targetHints":{"allow":["GET"]}}],"collection":[{"href":"https:\/\/vinasfm.com\/noticias\/wp-json\/wp\/v2\/posts"}],"about":[{"href":"https:\/\/vinasfm.com\/noticias\/wp-json\/wp\/v2\/types\/post"}],"author":[{"embeddable":true,"href":"https:\/\/vinasfm.com\/noticias\/wp-json\/wp\/v2\/users\/7"}],"replies":[{"embeddable":true,"href":"https:\/\/vinasfm.com\/noticias\/wp-json\/wp\/v2\/comments?post=120742"}],"version-history":[{"count":1,"href":"https:\/\/vinasfm.com\/noticias\/wp-json\/wp\/v2\/posts\/120742\/revisions"}],"predecessor-version":[{"id":120748,"href":"https:\/\/vinasfm.com\/noticias\/wp-json\/wp\/v2\/posts\/120742\/revisions\/120748"}],"wp:featuredmedia":[{"embeddable":true,"href":"https:\/\/vinasfm.com\/noticias\/wp-json\/wp\/v2\/media\/120744"}],"wp:attachment":[{"href":"https:\/\/vinasfm.com\/noticias\/wp-json\/wp\/v2\/media?parent=120742"}],"wp:term":[{"taxonomy":"category","embeddable":true,"href":"https:\/\/vinasfm.com\/noticias\/wp-json\/wp\/v2\/categories?post=120742"},{"taxonomy":"post_tag","embeddable":true,"href":"https:\/\/vinasfm.com\/noticias\/wp-json\/wp\/v2\/tags?post=120742"}],"curies":[{"name":"wp","href":"https:\/\/api.w.org\/{rel}","templated":true}]}}