{"id":120738,"date":"2023-04-13T08:13:38","date_gmt":"2023-04-13T11:13:38","guid":{"rendered":"https:\/\/vinasfm.com\/noticias\/?p=120738"},"modified":"2023-04-13T11:57:55","modified_gmt":"2023-04-13T14:57:55","slug":"la-povincia-invierte-en-asfalto","status":"publish","type":"post","link":"https:\/\/vinasfm.com\/noticias\/la-povincia-invierte-en-asfalto\/","title":{"rendered":"LA PROVINCIA INVIERTE EN ASFALTO"},"content":{"rendered":"<p><strong>Tal como hace d\u00edas atr\u00e1s lo anunciaron el Dr. Abel Freidemberg y el Consejero de Vialidad Provincial Zona Sur, V\u00edctor \u00c1lvarez, ayer mi\u00e9rcoles comenz\u00f3 la tarea del nuevo asfalto a cargo de la Direcci\u00f3n Provincial de Vialidad (DPV), de los 2km del Acceso La Inda, entre RN 143 y RP 171.<\/strong><\/p>\n<p>Al respecto Freidemberg manifest\u00f3:<strong><em> \u201cCon esta obra y tantas otras, la Provincia contin\u00faa con su intensivo plan de inversi\u00f3n en diferentes puntos del Departamento, como por ejemplo el Barrio 2 de Abril de la Villa 25 de Mayo, la Escuela Especial 2-039 Padre Jos\u00e9 Alfredo Carrone en Rama Ca\u00edda, el asfaltado de los circuitos tur\u00edsticos, o cloacas, agua y saneamiento, por mencionar algunas\u201d.<\/em><\/strong><\/p>\n","protected":false},"excerpt":{"rendered":"<p>Tal como hace d\u00edas atr\u00e1s lo anunciaron el Dr. Abel Freidemberg y el Consejero de Vialidad Provincial Zona Sur, V\u00edctor \u00c1lvarez, &#8230;<\/p>\n","protected":false},"author":7,"featured_media":120739,"comment_status":"open","ping_status":"open","sticky":false,"template":"","format":"standard","meta":{"footnotes":""},"categories":[5,79],"tags":[],"class_list":["post-120738","post","type-post","status-publish","format-standard","has-post-thumbnail","hentry","category-actualidad","category-vialidad"],"_links":{"self":[{"href":"https:\/\/vinasfm.com\/noticias\/wp-json\/wp\/v2\/posts\/120738","targetHints":{"allow":["GET"]}}],"collection":[{"href":"https:\/\/vinasfm.com\/noticias\/wp-json\/wp\/v2\/posts"}],"about":[{"href":"https:\/\/vinasfm.com\/noticias\/wp-json\/wp\/v2\/types\/post"}],"author":[{"embeddable":true,"href":"https:\/\/vinasfm.com\/noticias\/wp-json\/wp\/v2\/users\/7"}],"replies":[{"embeddable":true,"href":"https:\/\/vinasfm.com\/noticias\/wp-json\/wp\/v2\/comments?post=120738"}],"version-history":[{"count":3,"href":"https:\/\/vinasfm.com\/noticias\/wp-json\/wp\/v2\/posts\/120738\/revisions"}],"predecessor-version":[{"id":120775,"href":"https:\/\/vinasfm.com\/noticias\/wp-json\/wp\/v2\/posts\/120738\/revisions\/120775"}],"wp:featuredmedia":[{"embeddable":true,"href":"https:\/\/vinasfm.com\/noticias\/wp-json\/wp\/v2\/media\/120739"}],"wp:attachment":[{"href":"https:\/\/vinasfm.com\/noticias\/wp-json\/wp\/v2\/media?parent=120738"}],"wp:term":[{"taxonomy":"category","embeddable":true,"href":"https:\/\/vinasfm.com\/noticias\/wp-json\/wp\/v2\/categories?post=120738"},{"taxonomy":"post_tag","embeddable":true,"href":"https:\/\/vinasfm.com\/noticias\/wp-json\/wp\/v2\/tags?post=120738"}],"curies":[{"name":"wp","href":"https:\/\/api.w.org\/{rel}","templated":true}]}}