{"id":120653,"date":"2023-04-11T10:12:49","date_gmt":"2023-04-11T13:12:49","guid":{"rendered":"https:\/\/vinasfm.com\/noticias\/?p=120653"},"modified":"2023-04-12T09:45:22","modified_gmt":"2023-04-12T12:45:22","slug":"sin-respuesta-estudiantes-piden-el-funcionamiento-de-colectivos-que-conecten-directamente-a-general-alevear-con-las-provincias-de-cordoba-y-san-luis","status":"publish","type":"post","link":"https:\/\/vinasfm.com\/noticias\/sin-respuesta-estudiantes-piden-el-funcionamiento-de-colectivos-que-conecten-directamente-a-general-alevear-con-las-provincias-de-cordoba-y-san-luis\/","title":{"rendered":"SIN RESPUESTA, ESTUDIANTES PIDEN EL FUNCIONAMIENTO DE COLECTIVOS QUE CONECTEN DIRECTAMENTE A GENERAL ALVEAR CON LAS PROVINCIAS DE C\u00d3RDOBA Y SAN LUIS"},"content":{"rendered":"<p><strong>El reclamo ya viene desde hace algunos a\u00f1os y contin\u00faan sin una respuesta favorable.\u00a0<\/strong><\/p>\n<p><em><strong>\u00abEl a\u00f1o pasado ya se gestionaban estos pedidos tanto a la responsable que tenemos en la comisi\u00f3n de regulaci\u00f3n de transportes a nivel nacional, que esta en la zona sur de la provincia, como tambi\u00e9n al Director de transportes de nivel nacional\u00bb<\/strong> <\/em>expres\u00f3 el concejal Jos\u00e9 Mor\u00e1n y detall\u00f3 que se le hizo el reclamo de transporte <em><strong>\u00abque estos j\u00f3venes quer\u00edan antes de la pandemia, que los llevaba tanto a San Luis como a C\u00f3rdoba y que se les hab\u00eda quitado en ese momento y hoy por hoy no tienen ese transporte\u00bb.<\/strong><\/em><\/p>\n<p>En el \u00faltimo tiempo se juntaron firmas de padres donde mandaron las planillas de cada alumno que estudia fuera de la provincia, <em><strong>\u00abtodo eso se mando a Naci\u00f3n para poder gestionar nuevamente ese transporte, en ese momento donde se mando el listado eran alrededor de 300 j\u00f3venes\u00bb.<\/strong><\/em> El pedido era puntual para reincorporar esas dos l\u00edneas que se sacaron, <strong><em>\u00abhicimos todos los pedidos donde se arm\u00f3 un expediente electr\u00f3nico con distintos llamados de tel\u00e9fono\u00bb<\/em><\/strong>, desarroll\u00f3 Mor\u00e1n.<\/p>\n<p>Hasta el momento manifiestan que no han recibido ninguna respuesta favorable.<em><strong> \u00abEn el medio de todo eso pudimos juntarnos con algunos familiares el a\u00f1o pasado y de ver algunas propuestas o alternativas para este problema\u00bb<\/strong><\/em>, concluy\u00f3 el concejal Jos\u00e9 Mor\u00e1n.<\/p>\n","protected":false},"excerpt":{"rendered":"<p>El reclamo ya viene desde hace algunos a\u00f1os y contin\u00faan sin una respuesta favorable.\u00a0 \u00abEl a\u00f1o pasado ya se gestionaban estos &#8230;<\/p>\n","protected":false},"author":7,"featured_media":36818,"comment_status":"open","ping_status":"open","sticky":false,"template":"","format":"standard","meta":{"footnotes":""},"categories":[5,66],"tags":[],"class_list":["post-120653","post","type-post","status-publish","format-standard","has-post-thumbnail","hentry","category-actualidad","category-transporte"],"_links":{"self":[{"href":"https:\/\/vinasfm.com\/noticias\/wp-json\/wp\/v2\/posts\/120653","targetHints":{"allow":["GET"]}}],"collection":[{"href":"https:\/\/vinasfm.com\/noticias\/wp-json\/wp\/v2\/posts"}],"about":[{"href":"https:\/\/vinasfm.com\/noticias\/wp-json\/wp\/v2\/types\/post"}],"author":[{"embeddable":true,"href":"https:\/\/vinasfm.com\/noticias\/wp-json\/wp\/v2\/users\/7"}],"replies":[{"embeddable":true,"href":"https:\/\/vinasfm.com\/noticias\/wp-json\/wp\/v2\/comments?post=120653"}],"version-history":[{"count":5,"href":"https:\/\/vinasfm.com\/noticias\/wp-json\/wp\/v2\/posts\/120653\/revisions"}],"predecessor-version":[{"id":120711,"href":"https:\/\/vinasfm.com\/noticias\/wp-json\/wp\/v2\/posts\/120653\/revisions\/120711"}],"wp:featuredmedia":[{"embeddable":true,"href":"https:\/\/vinasfm.com\/noticias\/wp-json\/wp\/v2\/media\/36818"}],"wp:attachment":[{"href":"https:\/\/vinasfm.com\/noticias\/wp-json\/wp\/v2\/media?parent=120653"}],"wp:term":[{"taxonomy":"category","embeddable":true,"href":"https:\/\/vinasfm.com\/noticias\/wp-json\/wp\/v2\/categories?post=120653"},{"taxonomy":"post_tag","embeddable":true,"href":"https:\/\/vinasfm.com\/noticias\/wp-json\/wp\/v2\/tags?post=120653"}],"curies":[{"name":"wp","href":"https:\/\/api.w.org\/{rel}","templated":true}]}}