{"id":120630,"date":"2023-04-10T11:19:41","date_gmt":"2023-04-10T14:19:41","guid":{"rendered":"https:\/\/vinasfm.com\/noticias\/?p=120630"},"modified":"2023-04-11T09:58:00","modified_gmt":"2023-04-11T12:58:00","slug":"elecciones-en-mendoza-cuando-y-que-se-vota-este-2023","status":"publish","type":"post","link":"https:\/\/vinasfm.com\/noticias\/elecciones-en-mendoza-cuando-y-que-se-vota-este-2023\/","title":{"rendered":"ELECCIONES EN MENDOZA: CU\u00c1NDO Y QU\u00c9 SE VOTA ESTE 2023"},"content":{"rendered":"<p><strong>El calendario completo de los comicios de este a\u00f1o, tanto municipales como provinciales y nacionales.<\/strong><\/p>\n<p>Las fechas de las\u00a0<strong>elecciones<\/strong>\u00a0en\u00a0<strong>Mendoza\u00a0<\/strong>ya est\u00e1n confirmadas. Habr\u00e1 comicios desdoblados en siete\u00a0<strong>municipios<\/strong>, mientras que en el resto de los departamentos se votar\u00e1 en conjunto con la\u00a0<strong>provincia<\/strong>. A eso se sumar\u00e1n las votaciones<strong>\u00a0nacionales<\/strong>.<\/p>\n<p>El\u00a0<strong>calendario electoral\u00a0<\/strong>completo para saber\u00a0<strong>cu\u00e1ndo y qu\u00e9 se vota<\/strong>\u00a0en cada uno de la elecciones de este\u00a0<strong>2023<\/strong>:<\/p>\n<h2 id=\"h-elecciones-municipales-desdobladas\" class=\"wp-block-heading\">Elecciones municipales desdobladas<\/h2>\n<ul>\n<li>Las\u00a0<strong>PASO\u00a0<\/strong>ser\u00e1n el 30 de abril.<\/li>\n<li>Las\u00a0<strong>generales<\/strong> ser\u00e1n el 3 de septiembre.<\/li>\n<li>Se votar\u00e1 en los municipios que desdoblaron: Maip\u00fa, San Rafael, San Carlos, La Paz, Santa Rosa, Tunuy\u00e1n y Lavalle.<\/li>\n<li>Se elegir\u00e1n candidatos para cargos municipales: intendentes y concejales.<\/li>\n<li>Para saber d\u00f3nde votar se puede consultar el Padr\u00f3n Electoral en\u00a0<a href=\"https:\/\/www.mendoza.gov.ar\/padron\/\" target=\"_blank\" rel=\"noreferrer noopener\">https:\/\/www.mendoza.gov.ar\/padron\/<\/a><\/li>\n<\/ul>\n<h2 id=\"h-elecciones-provinciales\" class=\"wp-block-heading\">Elecciones provinciales<\/h2>\n<ul>\n<li>Las<strong>\u00a0PASO<\/strong> ser\u00e1n el 11 de junio.<\/li>\n<li>Las\u00a0<strong>generales<\/strong> ser\u00e1n el 24 de septiembre.<\/li>\n<li>Votar\u00e1n los mendocinos, y el resto de los municipios que no desdoblaron.<\/li>\n<li>Se elegir\u00e1n a los candidatos para los cargos de gobernador y vicegobernador; seis senadores provinciales titulares y ocho diputados provinciales titulares por la Primera secci\u00f3n electoral; cinco senadores provinciales titulares y seis diputados provinciales titulares por la segunda secci\u00f3n electoral; cuatro senadores provinciales titulares y cinco diputados provinciales titulares por la tercera secci\u00f3n electoral; cuatro senadores provinciales titulares y cinco diputados provinciales titulares por la cuarta secci\u00f3n electoral.<\/li>\n<li>Los elegidos como gobernador y vicegobernador asumir\u00e1n el 9 de diciembre. Los legisladores electos remplazar\u00e1n los mandatos que expiran el 30 de abril de 2024.<\/li>\n<\/ul>\n<h2 id=\"h-elecciones-nacionales\" class=\"wp-block-heading\">Elecciones nacionales<\/h2>\n<ul>\n<li>Las elecciones\u00a0<strong>PASO<\/strong> ser\u00e1n el 3 de agosto.<\/li>\n<li>Las<strong>\u00a0generales<\/strong> ser\u00e1n el 22 de octubre.<\/li>\n<li>En caso de una segunda vuelta, la fecha fijada es el 19 de noviembre.<\/li>\n<li>Votar\u00e1n todos los ciudadanos argentinos.<\/li>\n<li>Se elegir\u00e1n cargos a presidente, vice, diputados y senadores nacionales.<\/li>\n<\/ul>\n<h2 id=\"h-boleta-unica\" class=\"wp-block-heading\">Boleta \u00danica<\/h2>\n<p>Por primera vez, Mendoza utilizar\u00e1 en sus comicios provinciales la Boleta \u00danica, un sistema que el Gobierno defini\u00f3 como una \u201cherramienta moderna, \u00e1gil y transparente, pensada para disminuir costos y mejorar la calidad democr\u00e1tica de las elecciones\u201d.<\/p>\n","protected":false},"excerpt":{"rendered":"<p>El calendario completo de los comicios de este a\u00f1o, tanto municipales como provinciales y nacionales. Las fechas de las\u00a0elecciones\u00a0en\u00a0Mendoza\u00a0ya est\u00e1n confirmadas. &#8230;<\/p>\n","protected":false},"author":7,"featured_media":120392,"comment_status":"open","ping_status":"open","sticky":false,"template":"","format":"standard","meta":{"footnotes":""},"categories":[5,23],"tags":[],"class_list":["post-120630","post","type-post","status-publish","format-standard","has-post-thumbnail","hentry","category-actualidad","category-elecciones"],"_links":{"self":[{"href":"https:\/\/vinasfm.com\/noticias\/wp-json\/wp\/v2\/posts\/120630","targetHints":{"allow":["GET"]}}],"collection":[{"href":"https:\/\/vinasfm.com\/noticias\/wp-json\/wp\/v2\/posts"}],"about":[{"href":"https:\/\/vinasfm.com\/noticias\/wp-json\/wp\/v2\/types\/post"}],"author":[{"embeddable":true,"href":"https:\/\/vinasfm.com\/noticias\/wp-json\/wp\/v2\/users\/7"}],"replies":[{"embeddable":true,"href":"https:\/\/vinasfm.com\/noticias\/wp-json\/wp\/v2\/comments?post=120630"}],"version-history":[{"count":1,"href":"https:\/\/vinasfm.com\/noticias\/wp-json\/wp\/v2\/posts\/120630\/revisions"}],"predecessor-version":[{"id":120631,"href":"https:\/\/vinasfm.com\/noticias\/wp-json\/wp\/v2\/posts\/120630\/revisions\/120631"}],"wp:featuredmedia":[{"embeddable":true,"href":"https:\/\/vinasfm.com\/noticias\/wp-json\/wp\/v2\/media\/120392"}],"wp:attachment":[{"href":"https:\/\/vinasfm.com\/noticias\/wp-json\/wp\/v2\/media?parent=120630"}],"wp:term":[{"taxonomy":"category","embeddable":true,"href":"https:\/\/vinasfm.com\/noticias\/wp-json\/wp\/v2\/categories?post=120630"},{"taxonomy":"post_tag","embeddable":true,"href":"https:\/\/vinasfm.com\/noticias\/wp-json\/wp\/v2\/tags?post=120630"}],"curies":[{"name":"wp","href":"https:\/\/api.w.org\/{rel}","templated":true}]}}