{"id":120622,"date":"2023-04-10T10:17:41","date_gmt":"2023-04-10T13:17:41","guid":{"rendered":"https:\/\/vinasfm.com\/noticias\/?p=120622"},"modified":"2023-04-11T09:42:02","modified_gmt":"2023-04-11T12:42:02","slug":"rodolfo-suarez-modifico-el-porcentaje-de-aumento-salarial-para-la-policia","status":"publish","type":"post","link":"https:\/\/vinasfm.com\/noticias\/rodolfo-suarez-modifico-el-porcentaje-de-aumento-salarial-para-la-policia\/","title":{"rendered":"RODOLFO SUAREZ MODIFIC\u00d3 EL PORCENTAJE DE AUMENTO SALARIAL PARA LA POLIC\u00cdA"},"content":{"rendered":"<p><strong>Las fuerzas de seguridad tendr\u00e1n un incremento salarial mayor al que se hab\u00eda establecido en diciembre del 2022. La novedad fue publicada en el Bolet\u00edn Oficial este lunes.<\/strong><\/p>\n<p>La\u00a0<strong>Polic\u00eda\u00a0<\/strong>de Mendoza y los efectivos que prestan servicio en el Servicio\u00a0<strong>Penitenciario\u00a0<\/strong>cobrar\u00e1n un incremento\u00a0<strong>salarial\u00a0<\/strong>mayor al que hab\u00eda establecido el Ejecutivo provincia durante diciembre del 2022. Es que, tras los altos \u00edndices de inflaci\u00f3n que se presentaron en el primer trimestre de este a\u00f1o, result\u00f3 necesario que desde Casa de Gobierno realizasen una actualizaci\u00f3n.<\/p>\n<p>De esta forma,\u00a0Rodolfo Suarez firm\u00f3 un decreto\u00a0a trav\u00e9s del cual modifica los porcentajes de incremento que propuestos y los increment\u00f3. Seg\u00fan la propuesta original, los uniformados mendocinos recibir\u00edan una suba en sus\u00a0<strong>salarios\u00a0<\/strong>del 15% en tres cuotas (enero, febrero y marzo). Ahora, tras la rectificaci\u00f3n, la cuota de marzo subir\u00e1 al 10%, lo que sumar\u00e1 un total del 20%.<\/p>\n<p><em><strong>\u00abQue, en el contexto macroecon\u00f3mico actual, es oportuno y conveniente\u00a0 otorgar previsibilidad\u00a0salarial\u00a0a los agentes\u00a0policiales\u00a0y\u00a0penitenciarios\u00bb<\/strong><\/em>, indica el escrito divulgado este lunes.<\/p>\n<p>Por otra parte, desde el Ejecutivo detallaron que este aumento repercutir\u00e1 en el\u00a0R\u00e9gimen de Retiros y Pensiones del Personal\u00a0<strong>Policial\u00a0<\/strong>y del Servicio\u00a0<strong>Penitenciario\u00a0<\/strong>y en los servicios extraordinarios.<\/p>\n<p>&nbsp;<\/p>\n","protected":false},"excerpt":{"rendered":"<p>Las fuerzas de seguridad tendr\u00e1n un incremento salarial mayor al que se hab\u00eda establecido en diciembre del 2022. La novedad fue &#8230;<\/p>\n","protected":false},"author":7,"featured_media":120623,"comment_status":"open","ping_status":"open","sticky":false,"template":"","format":"standard","meta":{"footnotes":""},"categories":[5,10],"tags":[],"class_list":["post-120622","post","type-post","status-publish","format-standard","has-post-thumbnail","hentry","category-actualidad","category-destacadas"],"_links":{"self":[{"href":"https:\/\/vinasfm.com\/noticias\/wp-json\/wp\/v2\/posts\/120622","targetHints":{"allow":["GET"]}}],"collection":[{"href":"https:\/\/vinasfm.com\/noticias\/wp-json\/wp\/v2\/posts"}],"about":[{"href":"https:\/\/vinasfm.com\/noticias\/wp-json\/wp\/v2\/types\/post"}],"author":[{"embeddable":true,"href":"https:\/\/vinasfm.com\/noticias\/wp-json\/wp\/v2\/users\/7"}],"replies":[{"embeddable":true,"href":"https:\/\/vinasfm.com\/noticias\/wp-json\/wp\/v2\/comments?post=120622"}],"version-history":[{"count":1,"href":"https:\/\/vinasfm.com\/noticias\/wp-json\/wp\/v2\/posts\/120622\/revisions"}],"predecessor-version":[{"id":120624,"href":"https:\/\/vinasfm.com\/noticias\/wp-json\/wp\/v2\/posts\/120622\/revisions\/120624"}],"wp:featuredmedia":[{"embeddable":true,"href":"https:\/\/vinasfm.com\/noticias\/wp-json\/wp\/v2\/media\/120623"}],"wp:attachment":[{"href":"https:\/\/vinasfm.com\/noticias\/wp-json\/wp\/v2\/media?parent=120622"}],"wp:term":[{"taxonomy":"category","embeddable":true,"href":"https:\/\/vinasfm.com\/noticias\/wp-json\/wp\/v2\/categories?post=120622"},{"taxonomy":"post_tag","embeddable":true,"href":"https:\/\/vinasfm.com\/noticias\/wp-json\/wp\/v2\/tags?post=120622"}],"curies":[{"name":"wp","href":"https:\/\/api.w.org\/{rel}","templated":true}]}}