{"id":120605,"date":"2023-04-10T08:24:37","date_gmt":"2023-04-10T11:24:37","guid":{"rendered":"https:\/\/vinasfm.com\/noticias\/?p=120605"},"modified":"2023-04-11T09:55:55","modified_gmt":"2023-04-11T12:55:55","slug":"nota-de-opinion-daniel-arosto-ciudadanos-pobres-enojados-y-asustados-politicos-en-la-suya","status":"publish","type":"post","link":"https:\/\/vinasfm.com\/noticias\/nota-de-opinion-daniel-arosto-ciudadanos-pobres-enojados-y-asustados-politicos-en-la-suya\/","title":{"rendered":"NOTA DE OPINI\u00d3N, DANIEL ARIOSTO: CIUDADANOS POBRES, ENOJADOS Y ASUSTADOS, POL\u00cdTICOS EN LA SUYA"},"content":{"rendered":"<p style=\"font-weight: 400;\"><strong>Un argentino promedio se despierta todos los d\u00edas pregunt\u00e1ndose si le va a alcanzar la plata para llegar a fin de mes. Seguramente, se preocupa por c\u00f3mo aumentaron los precios, se pregunta por c\u00f3mo va a mantener su trabajo o si va a poder conservar su emprendimiento, si sus hijos van a tener clases y van a aprender y si en la noche, van a poder reencontrarse sin sufrir ning\u00fan hecho de inseguridad.<\/strong><\/p>\n<p style=\"font-weight: 400;\">Por su parte, un empresario pensar\u00e1 si va a poder vender sus productos o si va a poder producir lo necesario para mantener su empresa. Si va a contar con todos los insumos necesarios para producir. Si la inflaci\u00f3n va a permitir reponer su stock y si alguien va a poder comprarlos. \u00bfJuntar\u00e1 el dinero para pagar a sus colaboradores? \u00bfPodr\u00e1 generar la ganancia suficiente para pagar la gran lista de impuestos y servicios en aumento permanente?<\/p>\n<p style=\"font-weight: 400;\">En otro lugar, nuestros aspirantes a candidatos de todos los partidos y colores (salvo honrosas excepciones) solo piensan en las actividades que deber\u00e1n desarrollar para llegar a ocupar un cargo y de qu\u00e9 manera van a \u201cjuntar\u201d votos, en desmedro de otros candidatos. Consultan encuestas y arman contubernios mientras afuera, el pa\u00eds se cae a pedazos.<\/p>\n<p style=\"font-weight: 400;\">A nosotros nos parece mentira que se mueran beb\u00e9s en situaci\u00f3n de calle, nos resulta incre\u00edble que maten a personas impunemente de manera salvaje, mientras trabajan o intentan comprar veh\u00edculos con sus ahorros que seguramente, fueron juntados con mucho esfuerzo. Nos resulta inconcebible que en un pa\u00eds que cre\u00edamos rico, dos de cada tres ni\u00f1as y ni\u00f1os (66%) sean pobres, por ingresos o est\u00e9n privados de derechos b\u00e1sicos, seg\u00fan datos de Unicef.<\/p>\n<p style=\"font-weight: 400;\">Y, en tanto, <strong>los pol\u00edticos proyectan si van juntos o separados en sus f\u00f3rmulas, si hacen frentes o presentan proyectos individuales, mientras, en las calles se suceden protestas de gente que no recibe suficiente subsidio moviliz\u00e1ndose todas las semanas, aportando al clima de tensi\u00f3n que no tolera m\u00e1s desaciertos.<\/strong><\/p>\n<p style=\"font-weight: 400;\">Durante d\u00e9cadas, las distintas gestiones usaron como herramienta a la Econom\u00eda y con err\u00e1ticas y desatinadas decisiones nos trajeron hasta aqu\u00ed. Derrocharon recursos del Estado, demag\u00f3gicamente y en muchos, demasiados casos, cometieron actos de corrupci\u00f3n o de impericia. Basta enterarnos de los juicios que estamos perdiendo por malas maniobras en el \u00e1mbito internacional, como si tuvi\u00e9ramos poco y para graficar lo\u00a0que afirmamos.<\/p>\n<p style=\"font-weight: 400;\">Para marzo, las consultoras proyectan un IPC en torno al 7,3%, mientras que el Fondo Monetario Internacional (FMI) alert\u00f3 por una suba del \u201cdescontento social\u201d, esto porque la gran mayor\u00eda de los trabajadores formales hoy, son pobres, la ca\u00edda del poder adquisitivo es cada vez m\u00e1s evidente y la inseguridad acecha a los ciudadanos que andan por la calle, van a trabajar y realizan las actividades habituales.<\/p>\n<h2 style=\"font-weight: 400;\"><strong>Los grandes empresarios dicen<\/strong><\/h2>\n<p style=\"font-weight: 400;\">El c\u00edrculo rojo grafic\u00f3 la situaci\u00f3n macroecon\u00f3mica actual como una \u201colla de presi\u00f3n\u201d, que est\u00e1 al borde del estallido de manera constante. Dicen que se toman medidas desesperadas para no hacer lo que tienen que hacer: achicar el d\u00e9ficit fiscal con un ajuste a la medida que pregona el FMI.<\/p>\n<p style=\"font-weight: 400;\">Y estos empresarios adelantaron que, si suben los impuestos, sube la inflaci\u00f3n. Esto dado que, si el Gobierno decide avanzar en un aumento en los costos financieros del sector productivo, a partir de la ca\u00edda de un certificado que exclu\u00eda un pago de IVA y de Ganancias para las grandes empresas importadoras, ser\u00e1n trasladados a las g\u00f3ndolas.<\/p>\n<p style=\"font-weight: 400;\">Seg\u00fan el c\u00e1lculo empresario, la medida de la AFIP puede encarecer los costos de algunos art\u00edculos importados en el orden del 16%. Teniendo en cuenta que el 87% de lo que se importa son productos b\u00e1sicos, imprescindibles para la producci\u00f3n nacional. Mario Grinman, presidente de la C\u00e1mara Argentina de Comercio y Servicios afirm\u00f3 que<strong> \u201cse va a trasladar s\u00ed o s\u00ed a los precios\u201d.<\/strong><\/p>\n<p style=\"font-weight: 400;\">Las empresas no venden y en muchos casos se encuentran al l\u00edmite de las ganancias. Si la gente no tiene dinero y las empresas no venden, se llegar\u00e1 al punto de que las pymes cierren y dejen gente en la calle.<\/p>\n<p style=\"font-weight: 400;\">Para el Grupo de los Seis (G6), la decisi\u00f3n de la AFIP esconde <strong>\u201cun intento de desfinanciamiento del pr\u00f3ximo gobierno, porque le saca recaudaci\u00f3n por haberse quedado con este dinero\u201d.<\/strong><\/p>\n<p style=\"font-weight: 400;\"><strong>\u201cUna inflaci\u00f3n m\u00e1s alta y un crecimiento mucho m\u00e1s bajo podr\u00edan alimentar el descontento social y socavar el apoyo al programa, particularmente dado el ciclo electoral. En este contexto, la planificaci\u00f3n de contingencias y la formulaci\u00f3n \u00e1gil de pol\u00edticas ser\u00e1n indispensables para mejorar la probabilidad de \u00e9xito del programa, y es posible que se requiera un endurecimiento adicional de las pol\u00edticas y ajustes de las pol\u00edticas cambiarias\u201d<\/strong>, sostuvo el FMI en su\u00a0<em>staff report.<\/em><\/p>\n<p style=\"font-weight: 400;\">Un nuevo parche, decimos nosotros, que terminar\u00e1 perjudicando a la gente y busca seguir beneficiando a un Estado que es un \u201cbarril sin fondo\u201d al cual todo dinero le es insuficiente.<\/p>\n<h2 style=\"font-weight: 400;\"><strong>Candidatos y realidad<\/strong><\/h2>\n<p style=\"font-weight: 400;\"><strong>\u00bfLos candidatos conocen el panorama que van a encontrar cuando asuman? \u00bfSabr\u00e1n que, seg\u00fan la UCA, vamos por la tercera generaci\u00f3n de pobreza estructural? \u00bfTendr\u00e1n conciencia de que m\u00e1s de la mitad de nuestros j\u00f3venes de hasta 17 a\u00f1os son pobres, lo que compromete nuestro futuro como pa\u00eds?<\/strong><\/p>\n<p style=\"font-weight: 400;\">Necesitamos un acuerdo social. No uno m\u00e1s. \u201cEl acuerdo\u201d que permita reconstruir el pa\u00eds. Podemos generar uno propio o tratar de imitar a nuestros vecinos regionales que, en su gran mayor\u00eda, han encontrado un destino propio, con menos recursos tal vez pero con mayor inteligencia y trabajo por parte de sus dirigentes.<\/p>\n<p style=\"font-weight: 400;\">Les pedimos que el tiempo que dediquen a recorrer el territorio, sacarse fotos y a besar ni\u00f1os, escuchen a la gente, se empapen de realidad, conozcan el verdadero estado en el que vive (o sobrevive) la gente.<\/p>\n<p style=\"font-weight: 400;\">Les pedimos verdadera empat\u00eda y actitud humilde para aprender de lo que la realidad les diga, pero, sobre todo, les pedimos que acuerden, entre las distintas fuerzas y generen instancias de di\u00e1logo que nos permitan comenzar a pensar en un pa\u00eds serio, con destino.<\/p>\n<p style=\"font-weight: 400;\">Necesitamos una Democracia en el m\u00e1s amplio sentido del t\u00e9rmino. Tenemos que cumplir con nuestras obligaciones, pero tambi\u00e9n podemos exigir nuestros derechos. Queremos participar en la construcci\u00f3n de nuestro destino y debemos exigir responsabilidad e idoneidad a quienes elegimos. Compromet\u00e1monos a construir y contribuir a una patria mejor, viable.<\/p>\n<p style=\"font-weight: 400;\">No queremos m\u00e1s grietas, queremos proyectos y acuerdos. Crecer y vivir en paz, con futuro y esperanza. Deseamos despertarnos cada d\u00eda agradeciendo la libertad de poder ejercer nuestra actividad, de disfrutar la paz social y sentirnos satisfechos de vivir en nuestro pa\u00eds.<\/p>\n<p style=\"font-weight: 400;\"><strong>Daniel Ariosto<\/strong><\/p>\n<p style=\"font-weight: 400;\"><strong>Presidente de UCIM<\/strong><\/p>\n","protected":false},"excerpt":{"rendered":"<p>Un argentino promedio se despierta todos los d\u00edas pregunt\u00e1ndose si le va a alcanzar la plata para llegar a fin de &#8230;<\/p>\n","protected":false},"author":7,"featured_media":116605,"comment_status":"open","ping_status":"open","sticky":false,"template":"","format":"standard","meta":{"footnotes":""},"categories":[5,42],"tags":[],"class_list":["post-120605","post","type-post","status-publish","format-standard","has-post-thumbnail","hentry","category-actualidad","category-opinion"],"_links":{"self":[{"href":"https:\/\/vinasfm.com\/noticias\/wp-json\/wp\/v2\/posts\/120605","targetHints":{"allow":["GET"]}}],"collection":[{"href":"https:\/\/vinasfm.com\/noticias\/wp-json\/wp\/v2\/posts"}],"about":[{"href":"https:\/\/vinasfm.com\/noticias\/wp-json\/wp\/v2\/types\/post"}],"author":[{"embeddable":true,"href":"https:\/\/vinasfm.com\/noticias\/wp-json\/wp\/v2\/users\/7"}],"replies":[{"embeddable":true,"href":"https:\/\/vinasfm.com\/noticias\/wp-json\/wp\/v2\/comments?post=120605"}],"version-history":[{"count":3,"href":"https:\/\/vinasfm.com\/noticias\/wp-json\/wp\/v2\/posts\/120605\/revisions"}],"predecessor-version":[{"id":120669,"href":"https:\/\/vinasfm.com\/noticias\/wp-json\/wp\/v2\/posts\/120605\/revisions\/120669"}],"wp:featuredmedia":[{"embeddable":true,"href":"https:\/\/vinasfm.com\/noticias\/wp-json\/wp\/v2\/media\/116605"}],"wp:attachment":[{"href":"https:\/\/vinasfm.com\/noticias\/wp-json\/wp\/v2\/media?parent=120605"}],"wp:term":[{"taxonomy":"category","embeddable":true,"href":"https:\/\/vinasfm.com\/noticias\/wp-json\/wp\/v2\/categories?post=120605"},{"taxonomy":"post_tag","embeddable":true,"href":"https:\/\/vinasfm.com\/noticias\/wp-json\/wp\/v2\/tags?post=120605"}],"curies":[{"name":"wp","href":"https:\/\/api.w.org\/{rel}","templated":true}]}}