{"id":120574,"date":"2023-04-06T18:08:27","date_gmt":"2023-04-06T21:08:27","guid":{"rendered":"https:\/\/vinasfm.com\/noticias\/?p=120574"},"modified":"2023-04-07T08:10:00","modified_gmt":"2023-04-07T11:10:00","slug":"misterio-hallaron-una-camioneta-abandonada-y-buscan-a-su-dueno","status":"publish","type":"post","link":"https:\/\/vinasfm.com\/noticias\/misterio-hallaron-una-camioneta-abandonada-y-buscan-a-su-dueno\/","title":{"rendered":"MISTERIO: HALLARON UNA CAMIONETA ABANDONADA Y BUSCAN A SU DUE\u00d1O"},"content":{"rendered":"<div class=\"x11i5rnm xat24cr x1mh8g0r x1vvkbs xdj266r x126k92a\">\n<div dir=\"auto\"><strong>Una Renault Duster apareci\u00f3 este mi\u00e9rcoles en las inmediaciones del t\u00fanel de Agua del Toro y hasta este jueves a primera hora no se sab\u00eda qui\u00e9n la dej\u00f3 ah\u00ed y d\u00f3nde est\u00e1 su propietario.<\/strong><\/div>\n<\/div>\n<div class=\"x11i5rnm xat24cr x1mh8g0r x1vvkbs xtlvy1s x126k92a\">\n<div dir=\"auto\"><\/div>\n<div dir=\"auto\">La camioneta fue divisada por primera vez en la ma\u00f1ana por polic\u00edas del destacamento del lugar pero pensaron que era uno de los veh\u00edculos perteneciente a alguna persona que habitualmente van a pescar a ese embalse.<\/div>\n<\/div>\n<div class=\"x11i5rnm xat24cr x1mh8g0r x1vvkbs xtlvy1s x126k92a\">\n<div dir=\"auto\"><\/div>\n<div dir=\"auto\">Dado que a las 19:00h a\u00fan continuaba en el lugar, la Polic\u00eda inici\u00f3 de oficio la b\u00fasqueda de su due\u00f1o. A partir de su dominio, <strong>AE081XQ<\/strong>, se determin\u00f3 que pertenece a un hombre de nombre <strong>Juan Alberto Alonso, de entre 60 y 61 a\u00f1os, con domicilio en la ciudad de San Rafael<\/strong>, pero a\u00fan resta determinar si fue quien dej\u00f3 abandonado el veh\u00edculo. Aparentemente el hombre vivir\u00eda solo.<\/div>\n<\/div>\n<div class=\"x11i5rnm xat24cr x1mh8g0r x1vvkbs xtlvy1s x126k92a\">\n<div dir=\"auto\"><\/div>\n<div dir=\"auto\"><em><strong>Dentro de la camioneta estaba puesta la llave de arranque y encontraron un tel\u00e9fono celular. Hasta el momento no hay denuncia radicada.<\/strong><\/em><\/div>\n<\/div>\n","protected":false},"excerpt":{"rendered":"<p>Una Renault Duster apareci\u00f3 este mi\u00e9rcoles en las inmediaciones del t\u00fanel de Agua del Toro y hasta este jueves a primera &#8230;<\/p>\n","protected":false},"author":7,"featured_media":120575,"comment_status":"open","ping_status":"open","sticky":false,"template":"","format":"standard","meta":{"footnotes":""},"categories":[5,70],"tags":[],"class_list":["post-120574","post","type-post","status-publish","format-standard","has-post-thumbnail","hentry","category-actualidad","category-insolito"],"_links":{"self":[{"href":"https:\/\/vinasfm.com\/noticias\/wp-json\/wp\/v2\/posts\/120574","targetHints":{"allow":["GET"]}}],"collection":[{"href":"https:\/\/vinasfm.com\/noticias\/wp-json\/wp\/v2\/posts"}],"about":[{"href":"https:\/\/vinasfm.com\/noticias\/wp-json\/wp\/v2\/types\/post"}],"author":[{"embeddable":true,"href":"https:\/\/vinasfm.com\/noticias\/wp-json\/wp\/v2\/users\/7"}],"replies":[{"embeddable":true,"href":"https:\/\/vinasfm.com\/noticias\/wp-json\/wp\/v2\/comments?post=120574"}],"version-history":[{"count":1,"href":"https:\/\/vinasfm.com\/noticias\/wp-json\/wp\/v2\/posts\/120574\/revisions"}],"predecessor-version":[{"id":120576,"href":"https:\/\/vinasfm.com\/noticias\/wp-json\/wp\/v2\/posts\/120574\/revisions\/120576"}],"wp:featuredmedia":[{"embeddable":true,"href":"https:\/\/vinasfm.com\/noticias\/wp-json\/wp\/v2\/media\/120575"}],"wp:attachment":[{"href":"https:\/\/vinasfm.com\/noticias\/wp-json\/wp\/v2\/media?parent=120574"}],"wp:term":[{"taxonomy":"category","embeddable":true,"href":"https:\/\/vinasfm.com\/noticias\/wp-json\/wp\/v2\/categories?post=120574"},{"taxonomy":"post_tag","embeddable":true,"href":"https:\/\/vinasfm.com\/noticias\/wp-json\/wp\/v2\/tags?post=120574"}],"curies":[{"name":"wp","href":"https:\/\/api.w.org\/{rel}","templated":true}]}}