{"id":120507,"date":"2023-04-05T12:16:32","date_gmt":"2023-04-05T15:16:32","guid":{"rendered":"https:\/\/vinasfm.com\/noticias\/?p=120507"},"modified":"2023-04-06T10:02:16","modified_gmt":"2023-04-06T13:02:16","slug":"asi-funcionara-el-comercio-en-semana-santa","status":"publish","type":"post","link":"https:\/\/vinasfm.com\/noticias\/asi-funcionara-el-comercio-en-semana-santa\/","title":{"rendered":"AS\u00cd FUNCIONAR\u00c1 EL COMERCIO EN SEMANA SANTA"},"content":{"rendered":"<p><strong>La C\u00e1mara de Comercio de Generar Alvear informa c\u00f3mo ser\u00e1 la atenci\u00f3n comercial durante los d\u00edas de Semana Santa.<\/strong><\/p>\n<h2>JUEVES SANTO<\/h2>\n<p>D\u00eda no laborable para quienes profesan la religi\u00f3n Jud\u00eda, la atenci\u00f3n del comercio ser\u00e1 normal y en los horarios habituales.<\/p>\n<h2>VIERNES SANTO<\/h2>\n<p>Feriado nacional por lo tanto el comercio permanecer\u00e1 cerrado.<\/p>\n<h2>S\u00c1BADO SANTO<\/h2>\n<p>La atenci\u00f3n ser\u00e1 normal, en los horarios habituales (mediod\u00eda o jornada completa) seg\u00fan cada rubro.<\/p>\n","protected":false},"excerpt":{"rendered":"<p>La C\u00e1mara de Comercio de Generar Alvear informa c\u00f3mo ser\u00e1 la atenci\u00f3n comercial durante los d\u00edas de Semana Santa. JUEVES SANTO &#8230;<\/p>\n","protected":false},"author":7,"featured_media":120508,"comment_status":"open","ping_status":"open","sticky":false,"template":"","format":"standard","meta":{"footnotes":""},"categories":[5,69],"tags":[],"class_list":["post-120507","post","type-post","status-publish","format-standard","has-post-thumbnail","hentry","category-actualidad","category-comercio"],"_links":{"self":[{"href":"https:\/\/vinasfm.com\/noticias\/wp-json\/wp\/v2\/posts\/120507","targetHints":{"allow":["GET"]}}],"collection":[{"href":"https:\/\/vinasfm.com\/noticias\/wp-json\/wp\/v2\/posts"}],"about":[{"href":"https:\/\/vinasfm.com\/noticias\/wp-json\/wp\/v2\/types\/post"}],"author":[{"embeddable":true,"href":"https:\/\/vinasfm.com\/noticias\/wp-json\/wp\/v2\/users\/7"}],"replies":[{"embeddable":true,"href":"https:\/\/vinasfm.com\/noticias\/wp-json\/wp\/v2\/comments?post=120507"}],"version-history":[{"count":1,"href":"https:\/\/vinasfm.com\/noticias\/wp-json\/wp\/v2\/posts\/120507\/revisions"}],"predecessor-version":[{"id":120509,"href":"https:\/\/vinasfm.com\/noticias\/wp-json\/wp\/v2\/posts\/120507\/revisions\/120509"}],"wp:featuredmedia":[{"embeddable":true,"href":"https:\/\/vinasfm.com\/noticias\/wp-json\/wp\/v2\/media\/120508"}],"wp:attachment":[{"href":"https:\/\/vinasfm.com\/noticias\/wp-json\/wp\/v2\/media?parent=120507"}],"wp:term":[{"taxonomy":"category","embeddable":true,"href":"https:\/\/vinasfm.com\/noticias\/wp-json\/wp\/v2\/categories?post=120507"},{"taxonomy":"post_tag","embeddable":true,"href":"https:\/\/vinasfm.com\/noticias\/wp-json\/wp\/v2\/tags?post=120507"}],"curies":[{"name":"wp","href":"https:\/\/api.w.org\/{rel}","templated":true}]}}