{"id":120466,"date":"2023-04-05T08:58:21","date_gmt":"2023-04-05T11:58:21","guid":{"rendered":"https:\/\/vinasfm.com\/noticias\/?p=120466"},"modified":"2023-04-05T21:31:54","modified_gmt":"2023-04-06T00:31:54","slug":"desde-el-sector-ganadero-resaltaron-la-importancia-que-tiene-la-adjudicacion-del-acueducto-monte-coman-la-horqueta","status":"publish","type":"post","link":"https:\/\/vinasfm.com\/noticias\/desde-el-sector-ganadero-resaltaron-la-importancia-que-tiene-la-adjudicacion-del-acueducto-monte-coman-la-horqueta\/","title":{"rendered":"DESDE EL SECTOR GANADERO RESALTARON LA IMPORTANCIA QUE TIENE LA ADJUDICACI\u00d3N DEL ACUEDUCTO MONTE COM\u00c1N- LA HORQUETA"},"content":{"rendered":"<h4><strong>D\u00edas atr\u00e1s, el Gobernador Rodolfo Suarez firm\u00f3 la adjudicaci\u00f3n para dar inicio a la concreci\u00f3n del proyecto acueducto Monte Com\u00e1n-La Horqueta. Ese d\u00eda, se sellaron dos contratos: uno, con la empresa Corporaci\u00f3n del Sur SA, que ser\u00e1 la encargada de realizar la obra, y el otro, con los productores ganaderos de la regi\u00f3n. Para ello, se hicieron presentes el jefe de Gabinete del Ministerio de Planificaci\u00f3n e Infraestructura P\u00fablica, Adri\u00e1n Burgos, el presidente de la C\u00e1mara de Comercio, Industria y Agropecuaria de San Rafael, Hugo Tornaghi, y el representante del Cl\u00faster Ganadero, Roberto R\u00edos. Este \u00faltimo remarc\u00f3 la importancia que tiene esta obra para el sector que \u00e9l representa<\/strong><\/h4>\n<p><em><strong>\u00abEsto significa un paso m\u00e1s hacia adelante, se presentaron tres firmas y gan\u00f3 la adjudicaci\u00f3n la empresa Corporaci\u00f3n del Sur SA. Se celebr\u00f3 un contrato donde firmaron los productores que son beneficiarios. Ellos van a aportar el 40%. Esta es una obra muy importante que va a cambiar la ganader\u00eda en el sur mendocino. La misma comprende cerca de 435 mil hect\u00e1reas y mejorar\u00e1 la calidad del agua en una de las mejores zonas productivas de Mendoza\u00bb<\/strong><\/em>, explic\u00f3 al comienzo del reportaje Roberto R\u00edos, el representante del Cl\u00faster Ganadero.<\/p>\n<p>M\u00e1s adelante, precis\u00f3 los beneficios que traer\u00e1 una obra de esta envergadura. <em><strong>\u00abHoy los animales est\u00e1n tomando agua con un alto grado de salinidad, por lo que no es saludable para el ganado. En contraposici\u00f3n, el agua que transportar\u00e1 el acueducto ser\u00e1 fresca, renovada y cristalina. Esta es una cuesti\u00f3n muy importante, ya que incide en la alimentaci\u00f3n de los animales. Cuando la vaca tiene una buena condici\u00f3n corporal goza de buena fertilidad. La obra es relevante, debido a que incrementar\u00e1 el \u00edndice reproductivo de la regi\u00f3n. De cien vacas se van a pre\u00f1ar ochenta, vamos a tener una mayor producci\u00f3n\u00bb<\/strong><\/em>, resalt\u00f3 R\u00edos.<\/p>\n<p><em><strong>\u00abDesde el Cl\u00faster Ganadero tenemos diagramado siete acueductos, este es el segundo. Dentro de 4 meses se va a licitar \u00abLa Paz Sur\u00bb<\/strong><\/em>. Esa es la visi\u00f3n que tenemos desde nuestro sector. Siempre nos enfocamos hac\u00eda adelante. Hace dos a\u00f1os nos visit\u00f3 el Gobernador y nos dijo que si no hab\u00eda financiamiento de los organismos internacionales los fondos iban a surgir de la propia provincia. Le agradec\u00ed que haya cumplido con su palabra, ampli\u00f3.<\/p>\n<p>Luego, en otra parte del reportaje, cambi\u00f3 de tema y describi\u00f3 la realidad del sector ganadero y el impacto que tuvo la sequ\u00eda en algunas regiones productivas. <em><strong>\u00abNosotros atravesamos una sequ\u00eda que gener\u00f3 mortandad de animales. Desde abril hubo un aumento de la carne en el mostrador del 25%, pero la inflaci\u00f3n es del 100 %. De todas maneras, estamos acostumbrados a luchar. Ahora ha empezado a llover y los campos comenzaron a mejorar, as\u00ed que creemos que a corto plazo el mercado se estabilizar\u00e1\u00bb<\/strong><\/em>, argument\u00f3 el representante ganadero.<\/p>\n<p><em><strong>\u00abCerca de mayo o junio puede haber un reacomodamiento de los precios. El sector necesita que as\u00ed sea, no da m\u00e1s, no va a haber carne si esto contin\u00faa de este modo. A menor oferta de carne, habr\u00e1 mayor suba de los precios. El valor de la carne sube en el precio final y no en el kilo por animal vivo. Todo est\u00e1 muy complicado, desde la macroeconom\u00eda hasta el clima que no nos ayuda. Tener un animal a corral cuesta mucho, se suman distintas variables que dificultan la producci\u00f3n\u00bb<\/strong><\/em>, subray\u00f3.<\/p>\n<p>Al finalizar, se expres\u00f3 de cara al futuro y en relaci\u00f3n a esta actividad en San Rafael. <em><strong>\u00abCreemos que la ganader\u00eda en nuestro departamento va andar bien, puesto que tenemos reservorios de agua en el suelo. Adem\u00e1s, queremos incorporar el sistema de riego por goteo, el cual es important\u00edsimo para el avance de todas estas actividades. A esto hay que sumarle el beneficio del acueducto Monte Com\u00e1n-La Horqueta. Las obras van a comenzar dentro de unos 30 d\u00edas, anhelamos que se pueda terminar para fin de a\u00f1o\u00bb<\/strong><\/em>, cerr\u00f3.<\/p>\n<p>&nbsp;<\/p>\n<p>&nbsp;<\/p>\n","protected":false},"excerpt":{"rendered":"<p>D\u00edas atr\u00e1s, el Gobernador Rodolfo Suarez firm\u00f3 la adjudicaci\u00f3n para dar inicio a la concreci\u00f3n del proyecto acueducto Monte Com\u00e1n-La Horqueta. &#8230;<\/p>\n","protected":false},"author":7,"featured_media":120467,"comment_status":"open","ping_status":"open","sticky":false,"template":"","format":"standard","meta":{"footnotes":""},"categories":[5,24],"tags":[],"class_list":["post-120466","post","type-post","status-publish","format-standard","has-post-thumbnail","hentry","category-actualidad","category-ganaderia"],"_links":{"self":[{"href":"https:\/\/vinasfm.com\/noticias\/wp-json\/wp\/v2\/posts\/120466","targetHints":{"allow":["GET"]}}],"collection":[{"href":"https:\/\/vinasfm.com\/noticias\/wp-json\/wp\/v2\/posts"}],"about":[{"href":"https:\/\/vinasfm.com\/noticias\/wp-json\/wp\/v2\/types\/post"}],"author":[{"embeddable":true,"href":"https:\/\/vinasfm.com\/noticias\/wp-json\/wp\/v2\/users\/7"}],"replies":[{"embeddable":true,"href":"https:\/\/vinasfm.com\/noticias\/wp-json\/wp\/v2\/comments?post=120466"}],"version-history":[{"count":2,"href":"https:\/\/vinasfm.com\/noticias\/wp-json\/wp\/v2\/posts\/120466\/revisions"}],"predecessor-version":[{"id":120515,"href":"https:\/\/vinasfm.com\/noticias\/wp-json\/wp\/v2\/posts\/120466\/revisions\/120515"}],"wp:featuredmedia":[{"embeddable":true,"href":"https:\/\/vinasfm.com\/noticias\/wp-json\/wp\/v2\/media\/120467"}],"wp:attachment":[{"href":"https:\/\/vinasfm.com\/noticias\/wp-json\/wp\/v2\/media?parent=120466"}],"wp:term":[{"taxonomy":"category","embeddable":true,"href":"https:\/\/vinasfm.com\/noticias\/wp-json\/wp\/v2\/categories?post=120466"},{"taxonomy":"post_tag","embeddable":true,"href":"https:\/\/vinasfm.com\/noticias\/wp-json\/wp\/v2\/tags?post=120466"}],"curies":[{"name":"wp","href":"https:\/\/api.w.org\/{rel}","templated":true}]}}