{"id":120462,"date":"2023-04-05T08:48:32","date_gmt":"2023-04-05T11:48:32","guid":{"rendered":"https:\/\/vinasfm.com\/noticias\/?p=120462"},"modified":"2023-04-05T08:48:32","modified_gmt":"2023-04-05T11:48:32","slug":"turismo-en-semana-santa","status":"publish","type":"post","link":"https:\/\/vinasfm.com\/noticias\/turismo-en-semana-santa\/","title":{"rendered":"TURISMO EN SEMANA SANTA"},"content":{"rendered":"<p><strong>Adem\u00e1s de tratarse de una celebraci\u00f3n religiosa, Semana Santa representa 3 d\u00edas de descanso para las personas en donde muchos turistas aprovechan para haces escapadas por el interior del pa\u00eds.<\/strong><\/p>\n<p>Es por eso que General Alvear se prepara para ser un buen anfitri\u00f3n dando una c\u00e1lida bienvenida a los viajeros que hace una parada por el informado tur\u00edstico, ubicado en Avenida Alvear Este 52.<\/p>\n<p>Las actividades comienzan hoy mi\u00e9rcoles con el ciclo <strong>\u00abM\u00fasica Cl\u00e1sica por los Caminos del Vino\u00bb<\/strong>, en el <strong>\u00abMultiespacio Cultural Bodega Fara\u00f3n\u00bb<\/strong>. La cita es a las 21.0h en donde el grupo mendocino <strong>\u00abAura D\u00fao\u00bb<\/strong> deleitar\u00e1 con una funci\u00f3n de canto y piano a cuatro manos.<\/p>\n<p>Adem\u00e1s el Asesor de Turismo, N\u00e9stor Ortega, record\u00f3 que seguir\u00e1n abiertos al p\u00fablico los espacios culturales y de recreaci\u00f3n:<\/p>\n<ul>\n<li><strong>Costanera Alvear:<\/strong>\u00a0abierto de jueves a domingo, de 14:30 a 20:30h<\/li>\n<li><strong>Reserva municipal El Trapal:<\/strong>\u00a0todos los d\u00edas de 10 a 19h<\/li>\n<li><strong>Multiespacio cultural Bodega Fara\u00f3n: s<\/strong>\u00e1bados, domingos y feriados de 10 a 17h<\/li>\n<li><strong>Museo municipal del Inmigrante:<\/strong>\u00a0s\u00e1bados, domingos y feriados de 9 a 12hs y de 16 a 19h<\/li>\n<li><strong>Museo de Ciencias Naturales Rafael Reinoso:<\/strong>\u00a0s\u00e1bados, domingos y feriados 14:30 a 18:30h<\/li>\n<\/ul>\n<p>En cuanto a la ocupaci\u00f3n para este fin de semana largo Ortega expres\u00f3 que<strong> \u00abhasta hace algo d\u00edas ten\u00edamos un 30% de ocupaci\u00f3n pero poco a poco va aumentando. La situaci\u00f3n no es como antes cuando los turistas realizaban reservas con anterioridad, ahora se hacen repentinamente; de igual manera as rutas ya se encuentran ocupadas y eso genera mucha expectativa\u00bb.<\/strong><\/p>\n","protected":false},"excerpt":{"rendered":"<p>Adem\u00e1s de tratarse de una celebraci\u00f3n religiosa, Semana Santa representa 3 d\u00edas de descanso para las personas en donde muchos turistas &#8230;<\/p>\n","protected":false},"author":7,"featured_media":120463,"comment_status":"open","ping_status":"open","sticky":false,"template":"","format":"standard","meta":{"footnotes":""},"categories":[1],"tags":[],"class_list":["post-120462","post","type-post","status-publish","format-standard","has-post-thumbnail","hentry","category-fmvinas"],"_links":{"self":[{"href":"https:\/\/vinasfm.com\/noticias\/wp-json\/wp\/v2\/posts\/120462","targetHints":{"allow":["GET"]}}],"collection":[{"href":"https:\/\/vinasfm.com\/noticias\/wp-json\/wp\/v2\/posts"}],"about":[{"href":"https:\/\/vinasfm.com\/noticias\/wp-json\/wp\/v2\/types\/post"}],"author":[{"embeddable":true,"href":"https:\/\/vinasfm.com\/noticias\/wp-json\/wp\/v2\/users\/7"}],"replies":[{"embeddable":true,"href":"https:\/\/vinasfm.com\/noticias\/wp-json\/wp\/v2\/comments?post=120462"}],"version-history":[{"count":1,"href":"https:\/\/vinasfm.com\/noticias\/wp-json\/wp\/v2\/posts\/120462\/revisions"}],"predecessor-version":[{"id":120464,"href":"https:\/\/vinasfm.com\/noticias\/wp-json\/wp\/v2\/posts\/120462\/revisions\/120464"}],"wp:featuredmedia":[{"embeddable":true,"href":"https:\/\/vinasfm.com\/noticias\/wp-json\/wp\/v2\/media\/120463"}],"wp:attachment":[{"href":"https:\/\/vinasfm.com\/noticias\/wp-json\/wp\/v2\/media?parent=120462"}],"wp:term":[{"taxonomy":"category","embeddable":true,"href":"https:\/\/vinasfm.com\/noticias\/wp-json\/wp\/v2\/categories?post=120462"},{"taxonomy":"post_tag","embeddable":true,"href":"https:\/\/vinasfm.com\/noticias\/wp-json\/wp\/v2\/tags?post=120462"}],"curies":[{"name":"wp","href":"https:\/\/api.w.org\/{rel}","templated":true}]}}