{"id":120459,"date":"2023-04-05T08:22:53","date_gmt":"2023-04-05T11:22:53","guid":{"rendered":"https:\/\/vinasfm.com\/noticias\/?p=120459"},"modified":"2023-04-05T11:04:28","modified_gmt":"2023-04-05T14:04:28","slug":"dos-nuevos-robos-atacaron-la-zona-rural","status":"publish","type":"post","link":"https:\/\/vinasfm.com\/noticias\/dos-nuevos-robos-atacaron-la-zona-rural\/","title":{"rendered":"DOS NUEVOS ROBOS ATACARON LA ZONA RURAL"},"content":{"rendered":"<p><strong>Sin tregua alguna, la inseguridad y delincuencia sigue alertando a los vecinos alvearenses. Otra vez se vieron afectados los vecinos de la zona rural.<\/strong><\/p>\n<p>El primero de ellos se dio en una vivienda ubicada en inmediaciones de Calle 7 y 9, de Barrio Sangrandi. La v\u00edctima denuncia que el d\u00eda lunes, siendo las 08:00h se ausent\u00f3 de su domicilio para ir a trabajar, dejando el mismo cerrado con medidas de seguridad. Al retornar 17:30h aproximadamente, constata que personas desconocidas previo romper la ventana del comedor de la vivienda, hab\u00edan ingresado al interior y sustra\u00eddo, electrodom\u00e9sticos varios, herramientas varias y una garrafa.<\/p>\n<p>El segundo se dio el d\u00eda de ayer en calles G y 5. La v\u00edctima denuncia qu\u00e9 en horas de la ma\u00f1ana se retiro de su domicilio y siendo la hora 17:00h aproximadamente, se hace presente y constata que autores ignorados previo da\u00f1ar la puerta de ingreso, a la altura de la cerradura, ingresan y le sustraen del interior herramientas varias, amoladora, soldador, entre otras.<\/p>\n","protected":false},"excerpt":{"rendered":"<p>Sin tregua alguna, la inseguridad y delincuencia sigue alertando a los vecinos alvearenses. Otra vez se vieron afectados los vecinos de &#8230;<\/p>\n","protected":false},"author":7,"featured_media":120460,"comment_status":"open","ping_status":"open","sticky":false,"template":"","format":"standard","meta":{"footnotes":""},"categories":[5,4],"tags":[],"class_list":["post-120459","post","type-post","status-publish","format-standard","has-post-thumbnail","hentry","category-actualidad","category-policiales"],"_links":{"self":[{"href":"https:\/\/vinasfm.com\/noticias\/wp-json\/wp\/v2\/posts\/120459","targetHints":{"allow":["GET"]}}],"collection":[{"href":"https:\/\/vinasfm.com\/noticias\/wp-json\/wp\/v2\/posts"}],"about":[{"href":"https:\/\/vinasfm.com\/noticias\/wp-json\/wp\/v2\/types\/post"}],"author":[{"embeddable":true,"href":"https:\/\/vinasfm.com\/noticias\/wp-json\/wp\/v2\/users\/7"}],"replies":[{"embeddable":true,"href":"https:\/\/vinasfm.com\/noticias\/wp-json\/wp\/v2\/comments?post=120459"}],"version-history":[{"count":1,"href":"https:\/\/vinasfm.com\/noticias\/wp-json\/wp\/v2\/posts\/120459\/revisions"}],"predecessor-version":[{"id":120461,"href":"https:\/\/vinasfm.com\/noticias\/wp-json\/wp\/v2\/posts\/120459\/revisions\/120461"}],"wp:featuredmedia":[{"embeddable":true,"href":"https:\/\/vinasfm.com\/noticias\/wp-json\/wp\/v2\/media\/120460"}],"wp:attachment":[{"href":"https:\/\/vinasfm.com\/noticias\/wp-json\/wp\/v2\/media?parent=120459"}],"wp:term":[{"taxonomy":"category","embeddable":true,"href":"https:\/\/vinasfm.com\/noticias\/wp-json\/wp\/v2\/categories?post=120459"},{"taxonomy":"post_tag","embeddable":true,"href":"https:\/\/vinasfm.com\/noticias\/wp-json\/wp\/v2\/tags?post=120459"}],"curies":[{"name":"wp","href":"https:\/\/api.w.org\/{rel}","templated":true}]}}