{"id":120417,"date":"2023-04-04T08:52:47","date_gmt":"2023-04-04T11:52:47","guid":{"rendered":"https:\/\/vinasfm.com\/noticias\/?p=120417"},"modified":"2023-04-05T08:12:54","modified_gmt":"2023-04-05T11:12:54","slug":"hebe-katzer-dialogo-sobre-el-conocido-caso-de-violencia-en-un-jardin-municipal-y-remarco-la-carencia-de-un-protocolo-adecuado","status":"publish","type":"post","link":"https:\/\/vinasfm.com\/noticias\/hebe-katzer-dialogo-sobre-el-conocido-caso-de-violencia-en-un-jardin-municipal-y-remarco-la-carencia-de-un-protocolo-adecuado\/","title":{"rendered":"HEBE KATZER DIALOG\u00d3 SOBRE EL CONOCIDO CASO DE VIOLENCIA EN UN JARD\u00cdN MUNICIPAL Y REMARC\u00d3 LA CARENCIA DE UN PROTOCOLO ADECUADO"},"content":{"rendered":"<p><strong>A ra\u00edz de la denuncia conocida y tomando contacto con una de las madres del jard\u00edn municipal implicado, el HCD realiz\u00f3 un pedido de informe y solicitaron una reuni\u00f3n con la Directora de Educaci\u00f3n, Roxana Molero.<\/strong><\/p>\n<p>Fue la Concejal Hebe Katzer qui\u00e9n realiz\u00f3 el comunicado en dialogo con FM VI\u00d1AS e inform\u00f3 que en la reuni\u00f3n realizada el d\u00eda de ayer se cuestion\u00f3 si se tiene un protocolo para estas situaciones, a lo que Molero respondi\u00f3 negativamente. <em><strong>\u00abNos dijo que no tienen un protocolo para esta situaci\u00f3n pero se basan en el de nivel inicial de las primarias. Es un tema pendiente realizar un protocolo para los CEO municipales\u00bb<\/strong><\/em>, expres\u00f3 Katzer.<\/p>\n<p>El hecho se conoci\u00f3 a trav\u00e9s de la denuncia de la madre del menor afectado, Molero fue consultada por las medidas tomadas como funcionaria p\u00fablica a los que respondi\u00f3 que solo existe la denuncia realizada por la madre.<\/p>\n<p>Luego del pedido de informe solicitado, Katzer mantuvo conversaciones con padres del jard\u00edn municipal y sostuvo que <em><strong>\u00ablos ni\u00f1os no han manifestado ser golpeados o maltratados, pero ahora los padres est\u00e1n m\u00e1s pendientes a las conductas.\u00a0 Adem\u00e1s los padres se quejaron porque no fueron notificados de forma inmediata como indica el protocolo; tomaron conocimiento cuando fueron al jard\u00edn y notaron que hab\u00eda una nueva maestra sin previo aviso\u00bb.<\/strong><\/em><\/p>\n<p>Con respecto a la situaci\u00f3n laboral de la maestra denunciada, la edil reiter\u00f3 que de forma administrativa ha sido separada del cargo, sin goce de sueldo, por 90 d\u00edas. <em><strong>\u00abEstamos pendientes a c\u00f3mo continua la situaci\u00f3n porque la docente tambi\u00e9n tiene derecho a realiza su descargo\u00bb<\/strong><\/em>, concluy\u00f3 Hebe Katzer.<\/p>\n","protected":false},"excerpt":{"rendered":"<p>A ra\u00edz de la denuncia conocida y tomando contacto con una de las madres del jard\u00edn municipal implicado, el HCD realiz\u00f3 &#8230;<\/p>\n","protected":false},"author":7,"featured_media":115684,"comment_status":"open","ping_status":"open","sticky":false,"template":"","format":"standard","meta":{"footnotes":""},"categories":[5,26],"tags":[],"class_list":["post-120417","post","type-post","status-publish","format-standard","has-post-thumbnail","hentry","category-actualidad","category-hcd"],"_links":{"self":[{"href":"https:\/\/vinasfm.com\/noticias\/wp-json\/wp\/v2\/posts\/120417","targetHints":{"allow":["GET"]}}],"collection":[{"href":"https:\/\/vinasfm.com\/noticias\/wp-json\/wp\/v2\/posts"}],"about":[{"href":"https:\/\/vinasfm.com\/noticias\/wp-json\/wp\/v2\/types\/post"}],"author":[{"embeddable":true,"href":"https:\/\/vinasfm.com\/noticias\/wp-json\/wp\/v2\/users\/7"}],"replies":[{"embeddable":true,"href":"https:\/\/vinasfm.com\/noticias\/wp-json\/wp\/v2\/comments?post=120417"}],"version-history":[{"count":3,"href":"https:\/\/vinasfm.com\/noticias\/wp-json\/wp\/v2\/posts\/120417\/revisions"}],"predecessor-version":[{"id":120437,"href":"https:\/\/vinasfm.com\/noticias\/wp-json\/wp\/v2\/posts\/120417\/revisions\/120437"}],"wp:featuredmedia":[{"embeddable":true,"href":"https:\/\/vinasfm.com\/noticias\/wp-json\/wp\/v2\/media\/115684"}],"wp:attachment":[{"href":"https:\/\/vinasfm.com\/noticias\/wp-json\/wp\/v2\/media?parent=120417"}],"wp:term":[{"taxonomy":"category","embeddable":true,"href":"https:\/\/vinasfm.com\/noticias\/wp-json\/wp\/v2\/categories?post=120417"},{"taxonomy":"post_tag","embeddable":true,"href":"https:\/\/vinasfm.com\/noticias\/wp-json\/wp\/v2\/tags?post=120417"}],"curies":[{"name":"wp","href":"https:\/\/api.w.org\/{rel}","templated":true}]}}