{"id":120365,"date":"2023-04-03T09:51:25","date_gmt":"2023-04-03T12:51:25","guid":{"rendered":"https:\/\/vinasfm.com\/noticias\/?p=120365"},"modified":"2023-04-03T23:17:33","modified_gmt":"2023-04-04T02:17:33","slug":"rige-un-nuevo-aumento-de-la-luz-en-mendoza-por-el-recalculo-de-un-fondo-nacional","status":"publish","type":"post","link":"https:\/\/vinasfm.com\/noticias\/rige-un-nuevo-aumento-de-la-luz-en-mendoza-por-el-recalculo-de-un-fondo-nacional\/","title":{"rendered":"RIGE UN NUEVO AUMENTO DE LA LUZ EN MENDOZA POR EL \u201cREC\u00c1LCULO\u201d DE UN FONDO NACIONAL"},"content":{"rendered":"<p>En promedio, para un usuario final, el incremento es de 1,2%.<\/p>\n<p>Los usuarios de la energ\u00eda el\u00e9ctrica de Mendoza sufrieron un nuevo incremento del servicio, ya que el Ente Provincial Regulador El\u00e9ctrico (EPRE) actualiz\u00f3 los cuadros tarifarios a ra\u00edz del \u201crec\u00e1lculo\u201d de un fondo nacional.<\/p>\n<p>El incremento rige desde el 1 de abril y es de 1,2% en promedio.\u00a0Fue confirmado este lunes, con la publicaci\u00f3n en el Bolet\u00edn Oficial de la resoluci\u00f3n 33\/23 del organismo de control local encabezado por Andrea Molina.<\/p>\n<aside class=\"scaip scaip-1 \"><\/aside>\n<p>Dicha medida hace referencia a la resoluci\u00f3n 719 de la Secretar\u00eda de Energ\u00eda de la Naci\u00f3n, que <strong>estableci\u00f3\u00a0la actualizaci\u00f3n del valor del gravamen destinado al Fondo Nacional de Energ\u00eda El\u00e9ctrica (FNEE).<\/strong><\/p>\n<p>Este gravamen, que afecta al precio de la energ\u00eda el\u00e9ctrica y es destinado a obras de infraestructura del sistema el\u00e9ctrico nacional,\u00a0<strong>pas\u00f3 de $320 el megavatio hora (MWh) a $512 MWh, generando el incremento.<\/strong><\/p>\n<p>El \u00faltimo incremento se implement\u00f3 en febrero. Los usuarios mendocinos de ingresos altos y medios sufrieron un\u00a0aumento en la tarifa del servicio el\u00e9ctrico del 12%, en promedio.\u00a0Esa suba corresponde a los nuevos valores del mercado mayorista correspondientes al \u201cCosto de Abastecimiento\u201d, uno de los componentes nacionales de la factura.<\/p>\n<aside class=\"scaip scaip-2 \"><\/aside>\n<h2 id=\"h-el-aumento\" class=\"wp-block-heading\">El aumento<\/h2>\n<ul>\n<li>Residenciales: 1,4%<\/li>\n<li>Comercios, oficinas, peque\u00f1os talleres, postes de obra: 1,02%<\/li>\n<li>Riego Agr\u00edcola: 1,1%<\/li>\n<li>Medianas y Grandes Demandas: 1,09%<\/li>\n<li>Grandes Demandas &gt;= 300 kW (GUDIs): 0,91%<\/li>\n<\/ul>\n","protected":false},"excerpt":{"rendered":"<p>En promedio, para un usuario final, el incremento es de 1,2%. Los usuarios de la energ\u00eda el\u00e9ctrica de Mendoza sufrieron un &#8230;<\/p>\n","protected":false},"author":7,"featured_media":54810,"comment_status":"open","ping_status":"open","sticky":false,"template":"","format":"standard","meta":{"footnotes":""},"categories":[5,169],"tags":[],"class_list":["post-120365","post","type-post","status-publish","format-standard","has-post-thumbnail","hentry","category-actualidad","category-aumentos"],"_links":{"self":[{"href":"https:\/\/vinasfm.com\/noticias\/wp-json\/wp\/v2\/posts\/120365","targetHints":{"allow":["GET"]}}],"collection":[{"href":"https:\/\/vinasfm.com\/noticias\/wp-json\/wp\/v2\/posts"}],"about":[{"href":"https:\/\/vinasfm.com\/noticias\/wp-json\/wp\/v2\/types\/post"}],"author":[{"embeddable":true,"href":"https:\/\/vinasfm.com\/noticias\/wp-json\/wp\/v2\/users\/7"}],"replies":[{"embeddable":true,"href":"https:\/\/vinasfm.com\/noticias\/wp-json\/wp\/v2\/comments?post=120365"}],"version-history":[{"count":1,"href":"https:\/\/vinasfm.com\/noticias\/wp-json\/wp\/v2\/posts\/120365\/revisions"}],"predecessor-version":[{"id":120366,"href":"https:\/\/vinasfm.com\/noticias\/wp-json\/wp\/v2\/posts\/120365\/revisions\/120366"}],"wp:featuredmedia":[{"embeddable":true,"href":"https:\/\/vinasfm.com\/noticias\/wp-json\/wp\/v2\/media\/54810"}],"wp:attachment":[{"href":"https:\/\/vinasfm.com\/noticias\/wp-json\/wp\/v2\/media?parent=120365"}],"wp:term":[{"taxonomy":"category","embeddable":true,"href":"https:\/\/vinasfm.com\/noticias\/wp-json\/wp\/v2\/categories?post=120365"},{"taxonomy":"post_tag","embeddable":true,"href":"https:\/\/vinasfm.com\/noticias\/wp-json\/wp\/v2\/tags?post=120365"}],"curies":[{"name":"wp","href":"https:\/\/api.w.org\/{rel}","templated":true}]}}