{"id":120351,"date":"2023-04-03T09:07:18","date_gmt":"2023-04-03T12:07:18","guid":{"rendered":"https:\/\/vinasfm.com\/noticias\/?p=120351"},"modified":"2023-04-03T21:02:37","modified_gmt":"2023-04-04T00:02:37","slug":"robo-en-la-vivienda-de-una-mujer-policia","status":"publish","type":"post","link":"https:\/\/vinasfm.com\/noticias\/robo-en-la-vivienda-de-una-mujer-policia\/","title":{"rendered":"ROBARON EN LA VIVIENDA DE UNA MUJER POLIC\u00cdA Y SE LLEVARON EL ARMA"},"content":{"rendered":"<p><strong>La semana pasada se conoci\u00f3 el robo en una vivienda ubicada en Calle M y Calle 7, que posteriormente se supo que la v\u00edctima era una mujer que trabaja en la polic\u00eda, precisamente en el sector de Lucha contra el Narcotr\u00e1fico. <\/strong><\/p>\n<p>Iv\u00e1n Berm\u00fadez, Jefe de la Polic\u00eda Departamental, asegur\u00f3 que fue un hecho lamentable como le puede ocurrir a cualquier ciudadano. <em><strong>\u00bbDej\u00f3 el inmueble en horas de la tarde y promediando la noche al llegar hab\u00edan violentado uno de los accesos y fue victima de la sustracci\u00f3n de elementos, entre ellos el arma provista\u00bb.<\/strong><\/em><\/p>\n<p>Ante la interrogante de que si se trat\u00f3 de un hecho al azar o premeditado por su trabajo, expres\u00f3 que<strong><em> \u00bbes un poco dif\u00edcil dilucidar si ese fue el objetivo, generalmente puede suceder pero yo quiero creer que es un robo al azar\u00bb.<\/em><\/strong><\/p>\n<p>Crece la alarma en la comunidad alvearense por los reiterados hechos delictivos que hasta afectan a las autoridades policiales.<\/p>\n","protected":false},"excerpt":{"rendered":"<p>La semana pasada se conoci\u00f3 el robo en una vivienda ubicada en Calle M y Calle 7, que posteriormente se supo &#8230;<\/p>\n","protected":false},"author":7,"featured_media":117843,"comment_status":"open","ping_status":"open","sticky":false,"template":"","format":"standard","meta":{"footnotes":""},"categories":[5,4],"tags":[],"class_list":["post-120351","post","type-post","status-publish","format-standard","has-post-thumbnail","hentry","category-actualidad","category-policiales"],"_links":{"self":[{"href":"https:\/\/vinasfm.com\/noticias\/wp-json\/wp\/v2\/posts\/120351","targetHints":{"allow":["GET"]}}],"collection":[{"href":"https:\/\/vinasfm.com\/noticias\/wp-json\/wp\/v2\/posts"}],"about":[{"href":"https:\/\/vinasfm.com\/noticias\/wp-json\/wp\/v2\/types\/post"}],"author":[{"embeddable":true,"href":"https:\/\/vinasfm.com\/noticias\/wp-json\/wp\/v2\/users\/7"}],"replies":[{"embeddable":true,"href":"https:\/\/vinasfm.com\/noticias\/wp-json\/wp\/v2\/comments?post=120351"}],"version-history":[{"count":4,"href":"https:\/\/vinasfm.com\/noticias\/wp-json\/wp\/v2\/posts\/120351\/revisions"}],"predecessor-version":[{"id":120396,"href":"https:\/\/vinasfm.com\/noticias\/wp-json\/wp\/v2\/posts\/120351\/revisions\/120396"}],"wp:featuredmedia":[{"embeddable":true,"href":"https:\/\/vinasfm.com\/noticias\/wp-json\/wp\/v2\/media\/117843"}],"wp:attachment":[{"href":"https:\/\/vinasfm.com\/noticias\/wp-json\/wp\/v2\/media?parent=120351"}],"wp:term":[{"taxonomy":"category","embeddable":true,"href":"https:\/\/vinasfm.com\/noticias\/wp-json\/wp\/v2\/categories?post=120351"},{"taxonomy":"post_tag","embeddable":true,"href":"https:\/\/vinasfm.com\/noticias\/wp-json\/wp\/v2\/tags?post=120351"}],"curies":[{"name":"wp","href":"https:\/\/api.w.org\/{rel}","templated":true}]}}