{"id":120346,"date":"2023-04-03T08:50:34","date_gmt":"2023-04-03T11:50:34","guid":{"rendered":"https:\/\/vinasfm.com\/noticias\/?p=120346"},"modified":"2023-04-03T10:00:59","modified_gmt":"2023-04-03T13:00:59","slug":"nuevamente-la-delincuencia-hizo-foco-el-fin-de-semana","status":"publish","type":"post","link":"https:\/\/vinasfm.com\/noticias\/nuevamente-la-delincuencia-hizo-foco-el-fin-de-semana\/","title":{"rendered":"NUEVAMENTE LA DELINCUENCIA HIZO FOCO EL FIN DE SEMANA"},"content":{"rendered":"<p><em><strong>ROBO<\/strong><\/em><\/p>\n<p>El d\u00eda s\u00e1bado la v\u00edctima dio cuenta que dej\u00f3 estacionada su camioneta en inmediaciones de calle Jorge Sim\u00f3n al 2500 aproximadamente, al salir en horas de la ma\u00f1ana constata que personas desconocidas le han sustra\u00eddo una rueda de auxilio con su respectiva llanta la cual se encontraba en la caja de la camioneta asegurada con una cadena.<\/p>\n<p><em><strong>HURTO<\/strong><\/em><\/p>\n<p>El d\u00eda domingo en horas de la tarde la v\u00edctima da cuenta que se aperson\u00f3 en la estaci\u00f3n de servicio sita en calle Alvear Este y p\u00fablica n\u00famero 2 a fin de proceder al lavado de su rodado, lo dejo sin medidas de seguridad y procedi\u00f3 a la compra de las fichas pertinentes, una vez que finaliza el lavado se retira del lugar constatando a posterior que le hab\u00edan sustra\u00eddo una cartuchera grande con algunos elementos en su interior como anillos de oro y dinero en efectivo.<\/p>\n","protected":false},"excerpt":{"rendered":"<p>ROBO El d\u00eda s\u00e1bado la v\u00edctima dio cuenta que dej\u00f3 estacionada su camioneta en inmediaciones de calle Jorge Sim\u00f3n al 2500 &#8230;<\/p>\n","protected":false},"author":7,"featured_media":120347,"comment_status":"open","ping_status":"open","sticky":false,"template":"","format":"standard","meta":{"footnotes":""},"categories":[5,4],"tags":[],"class_list":["post-120346","post","type-post","status-publish","format-standard","has-post-thumbnail","hentry","category-actualidad","category-policiales"],"_links":{"self":[{"href":"https:\/\/vinasfm.com\/noticias\/wp-json\/wp\/v2\/posts\/120346","targetHints":{"allow":["GET"]}}],"collection":[{"href":"https:\/\/vinasfm.com\/noticias\/wp-json\/wp\/v2\/posts"}],"about":[{"href":"https:\/\/vinasfm.com\/noticias\/wp-json\/wp\/v2\/types\/post"}],"author":[{"embeddable":true,"href":"https:\/\/vinasfm.com\/noticias\/wp-json\/wp\/v2\/users\/7"}],"replies":[{"embeddable":true,"href":"https:\/\/vinasfm.com\/noticias\/wp-json\/wp\/v2\/comments?post=120346"}],"version-history":[{"count":1,"href":"https:\/\/vinasfm.com\/noticias\/wp-json\/wp\/v2\/posts\/120346\/revisions"}],"predecessor-version":[{"id":120348,"href":"https:\/\/vinasfm.com\/noticias\/wp-json\/wp\/v2\/posts\/120346\/revisions\/120348"}],"wp:featuredmedia":[{"embeddable":true,"href":"https:\/\/vinasfm.com\/noticias\/wp-json\/wp\/v2\/media\/120347"}],"wp:attachment":[{"href":"https:\/\/vinasfm.com\/noticias\/wp-json\/wp\/v2\/media?parent=120346"}],"wp:term":[{"taxonomy":"category","embeddable":true,"href":"https:\/\/vinasfm.com\/noticias\/wp-json\/wp\/v2\/categories?post=120346"},{"taxonomy":"post_tag","embeddable":true,"href":"https:\/\/vinasfm.com\/noticias\/wp-json\/wp\/v2\/tags?post=120346"}],"curies":[{"name":"wp","href":"https:\/\/api.w.org\/{rel}","templated":true}]}}